{"id":9658,"date":"2025-03-11T18:31:26","date_gmt":"2025-03-11T17:31:26","guid":{"rendered":"https:\/\/www.solomotori.net\/bmw-serie-4-cabrio-pro-contro-del-tetto-apribile-tripartito\/"},"modified":"2025-06-03T09:34:21","modified_gmt":"2025-06-03T07:34:21","slug":"bmw-serie-4-cabrio-pro-contro-del-tetto-apribile-tripartito","status":"publish","type":"post","link":"https:\/\/www.gratis.it\/news\/bmw-serie-4-cabrio-pro-contro-del-tetto-apribile-tripartito\/","title":{"rendered":"BMW Serie 4 cabrio: pro e contro del tetto apribile tripartito"},"content":{"rendered":"<div class=\"wp-block-image\">\n<figure class=\"alignleft is-resized\"><img loading=\"lazy\" decoding=\"async\" width=\"450\" height=\"337\" src=\"https:\/\/www.gratis.it\/news\/wp-content\/uploads\/bmw-serie-4-cabrio.gif\" alt=\"bmw-serie-4-cabrio\" class=\"wp-image-9659\" style=\"width:450px\"\/><\/figure>\n<\/div>\n\n\n<p>La BMW Serie 4 cabrio non si discosta molto dalla <a href=\"https:\/\/www.solomotori.net\/con-la-nuova-serie-4-coup-bmw-supera-se-stessa\/\" target=\"_blank\" rel=\"noreferrer noopener\">Serie 4 coup\u00e9<\/a> come misure, dinamica di guida, sportivit\u00e0, estetica e comfort. Ma questo ricercato mix di eleganza e tecnologia presenta uno straordinario extra: una <strong>capote in metallo che si pu\u00f2 aprire anche in movimento<\/strong> (fino a 18 km\/h) e che si divide <strong>in tre parti.<\/strong><\/p>\n\n\n\n<p>Il tetto si ripiega in 20 secondi. Una gran comodit\u00e0, che per\u00f2 ovviamente con il suo elaborato meccanismo aumenta il peso complessivo della vettura &#8211; per questo al volante le differenze con la sorella coup\u00e9 si sentono. D&#8217;altra parte, il tetto rigido rende l&#8217;auto pi\u00f9 fruibile perch\u00e9 aumenta l&#8217;isolamento termico e acustico.<\/p>\n\n\n\n<p>Il modello \u00e8 il primo a essere dotato di scaldacollo per i sedili anteriori e negli stessi sedili \u00e8 integrata la cintura di sicurezza, mentre l&#8217;impianto di climatizzazione si autoregola in funzione della velocit\u00e0 e della temperatura esterna.<\/p>\n\n\n\n<p>Gli interni sono omologati per 4 passeggeri e vengono proposte soluzioni molto intelligenti, come il frangivento che pu\u00f2 essere piegato e stivato. Il tetto tripartito poi, pu\u00f2 essere sollevato dalla coda per facilitare il carico di oggetti nel bagagliaio &#8211; che tra l&#8217;altro ha un volume da compatta.<\/p>\n\n\n\n<h2 class=\"wp-block-heading\">Vantaggi e svantaggi del tetto apribile tripartito<\/h2>\n\n\n\n<p>Un tetto apribile tripartito \u00e8 un tetto panoramico o scorrevole suddiviso in tre sezioni o pannelli, solitamente due pannelli anteriori pi\u00f9 piccoli e uno posteriore pi\u00f9 grande. Questi tetti offrono vantaggi e svantaggi che possono influenzare la scelta di un veicolo. Ecco alcuni dei pro e dei contro di un tetto apribile tripartito:<\/p>\n\n\n\n<p><strong>Vantaggi:<\/strong><\/p>\n\n\n\n<ol class=\"wp-block-list\">\n<li><strong style=\"font-size: revert; color: initial; font-family: -apple-system, BlinkMacSystemFont, &quot;Segoe UI&quot;, Roboto, Oxygen-Sans, Ubuntu, Cantarell, &quot;Helvetica Neue&quot;, sans-serif;\">Aria fresca e luce naturale:<\/strong><span style=\"font-size: revert; color: initial; font-family: -apple-system, BlinkMacSystemFont, &quot;Segoe UI&quot;, Roboto, Oxygen-Sans, Ubuntu, Cantarell, &quot;Helvetica Neue&quot;, sans-serif;\"> Un tetto apribile tripartito permette all&#8217;aria fresca di entrare nell&#8217;abitacolo e offre una maggiore illuminazione naturale, migliorando l&#8217;esperienza di guida e creando un ambiente pi\u00f9 piacevole all&#8217;interno dell&#8217;auto.<\/span><br> <\/li>\n\n\n\n<li><strong style=\"font-size: revert; color: initial; font-family: -apple-system, BlinkMacSystemFont, &quot;Segoe UI&quot;, Roboto, Oxygen-Sans, Ubuntu, Cantarell, &quot;Helvetica Neue&quot;, sans-serif;\">Versatilit\u00e0:<\/strong><span style=\"font-size: revert; color: initial; font-family: -apple-system, BlinkMacSystemFont, &quot;Segoe UI&quot;, Roboto, Oxygen-Sans, Ubuntu, Cantarell, &quot;Helvetica Neue&quot;, sans-serif;\"> I pannelli apribili possono essere azionati separatamente, consentendo ai passeggeri di regolare la quantit\u00e0 di aria e luce in base alle loro preferenze. Questa versatilit\u00e0 pu\u00f2 essere particolarmente apprezzata in diverse condizioni climatiche.<\/span><br> <\/li>\n\n\n\n<li><strong style=\"font-size: revert; color: initial; font-family: -apple-system, BlinkMacSystemFont, &quot;Segoe UI&quot;, Roboto, Oxygen-Sans, Ubuntu, Cantarell, &quot;Helvetica Neue&quot;, sans-serif;\">Sensazione di spazio:<\/strong><span style=\"font-size: revert; color: initial; font-family: -apple-system, BlinkMacSystemFont, &quot;Segoe UI&quot;, Roboto, Oxygen-Sans, Ubuntu, Cantarell, &quot;Helvetica Neue&quot;, sans-serif;\"> Il tetto apribile tripartito pu\u00f2 dare un senso di maggiore spaziosit\u00e0 all&#8217;interno dell&#8217;auto, creando un&#8217;atmosfera pi\u00f9 aperta e accogliente.<\/span> <\/li>\n<\/ol>\n\n\n\n<p><strong>Svantaggi:<\/strong><\/p>\n\n\n\n<ol class=\"wp-block-list\">\n<li><strong style=\"font-size: revert; color: initial; font-family: -apple-system, BlinkMacSystemFont, &quot;Segoe UI&quot;, Roboto, Oxygen-Sans, Ubuntu, Cantarell, &quot;Helvetica Neue&quot;, sans-serif;\">Complessit\u00e0 meccanica:<\/strong><span style=\"font-size: revert; color: initial; font-family: -apple-system, BlinkMacSystemFont, &quot;Segoe UI&quot;, Roboto, Oxygen-Sans, Ubuntu, Cantarell, &quot;Helvetica Neue&quot;, sans-serif;\"> I tetti apribili tripartiti sono pi\u00f9 complessi dal punto di vista meccanico rispetto ai tetti fissi, e ci\u00f2 aumenta il rischio di guasti o problemi nel sistema di apertura\/chiusura. La manutenzione potrebbe essere pi\u00f9 costosa e richiedere interventi specializzati.<\/span><br> <\/li>\n\n\n\n<li><strong style=\"font-size: revert; color: initial; font-family: -apple-system, BlinkMacSystemFont, &quot;Segoe UI&quot;, Roboto, Oxygen-Sans, Ubuntu, Cantarell, &quot;Helvetica Neue&quot;, sans-serif;\">Peso aggiuntivo:<\/strong><span style=\"font-size: revert; color: initial; font-family: -apple-system, BlinkMacSystemFont, &quot;Segoe UI&quot;, Roboto, Oxygen-Sans, Ubuntu, Cantarell, &quot;Helvetica Neue&quot;, sans-serif;\"> L&#8217;aggiunta dei meccanismi di apertura\/chiusura e dei pannelli mobili pu\u00f2 aumentare il peso complessivo dell&#8217;auto, il che potrebbe influire negativamente sul consumo di carburante e sulle prestazioni generali.<\/span><br><\/li>\n\n\n\n<li><strong style=\"font-size: revert; color: initial; font-family: -apple-system, BlinkMacSystemFont, &quot;Segoe UI&quot;, Roboto, Oxygen-Sans, Ubuntu, Cantarell, &quot;Helvetica Neue&quot;, sans-serif;\">Possibili perdite o infiltrazioni d&#8217;acqua:<\/strong><span style=\"font-size: revert; color: initial; font-family: -apple-system, BlinkMacSystemFont, &quot;Segoe UI&quot;, Roboto, Oxygen-Sans, Ubuntu, Cantarell, &quot;Helvetica Neue&quot;, sans-serif;\"> A causa della complessit\u00e0 meccanica, i tetti apribili tripartiti potrebbero avere una maggiore probabilit\u00e0 di sviluppare perdite d&#8217;acqua o infiltrazioni durante le piogge intense o attraverso il tempo. Ci\u00f2 potrebbe causare danni all&#8217;interno dell&#8217;auto o all&#8217;elettronica.<\/span><br> <\/li>\n\n\n\n<li><strong style=\"font-size: revert; color: initial; font-family: -apple-system, BlinkMacSystemFont, &quot;Segoe UI&quot;, Roboto, Oxygen-Sans, Ubuntu, Cantarell, &quot;Helvetica Neue&quot;, sans-serif;\">Costo aggiuntivo:<\/strong><span style=\"font-size: revert; color: initial; font-family: -apple-system, BlinkMacSystemFont, &quot;Segoe UI&quot;, Roboto, Oxygen-Sans, Ubuntu, Cantarell, &quot;Helvetica Neue&quot;, sans-serif;\"> I veicoli con tetto apribile tripartito tendono ad essere pi\u00f9 costosi rispetto a quelli con tetti fissi o tetti apribili pi\u00f9 semplici. Questo pu\u00f2 influenzare la scelta d&#8217;acquisto.<\/span> <\/li>\n<\/ol>\n\n\n\n<p>La decisione di optare o meno per un tetto apribile tripartito dipender\u00e0 quindi dalle preferenze individuali, dal budget, dalle condizioni climatiche predominanti e dal livello di tolleranza rispetto ai potenziali svantaggi. <\/p>\n<div style=\"margin-top: 0px; margin-bottom: 0px;\" class=\"sharethis-inline-share-buttons\" ><\/div>","protected":false},"excerpt":{"rendered":"<p>La BMW Serie 4 cabrio non si discosta molto dalla Serie 4 coup\u00e9 come misure, dinamica di guida, sportivit\u00e0, estetica e comfort. Ma questo ricercato mix di eleganza e tecnologia presenta uno straordinario extra: una capote in metallo che si pu\u00f2 aprire&hellip;<\/p>\n","protected":false},"author":4,"featured_media":9659,"comment_status":"open","ping_status":"closed","sticky":false,"template":"","format":"standard","meta":{"rop_custom_images_group":[],"rop_custom_messages_group":[],"rop_publish_now":"initial","rop_publish_now_accounts":{"twitter_130435642_130435642":""},"rop_publish_now_history":[],"rop_publish_now_status":"pending","footnotes":""},"categories":[17],"tags":[88],"class_list":["post-9658","post","type-post","status-publish","format-standard","has-post-thumbnail","hentry","category-motori","tag-bmw"],"yoast_head":"<!-- This site is optimized with the Yoast SEO plugin v27.4 - https:\/\/yoast.com\/product\/yoast-seo-wordpress\/ -->\n<title>BMW Serie 4 cabrio: pro e contro del tetto apribile tripartito<\/title>\n<meta name=\"description\" content=\"La decisione di optare o meno per un tetto apribile tripartito dipende dalle preferenze individuali, dal budget, dalle condizioni climatiche predominanti e dal livello di tolleranza rispetto ai potenziali svantaggi.\" \/>\n<meta name=\"robots\" content=\"index, follow, max-snippet:-1, max-image-preview:large, max-video-preview:-1\" \/>\n<link rel=\"canonical\" href=\"https:\/\/www.gratis.it\/news\/bmw-serie-4-cabrio-pro-contro-del-tetto-apribile-tripartito\/\" \/>\n<meta property=\"og:locale\" content=\"it_IT\" \/>\n<meta property=\"og:type\" content=\"article\" \/>\n<meta property=\"og:title\" content=\"BMW Serie 4 cabrio: pro e contro del tetto apribile tripartito\" \/>\n<meta property=\"og:description\" content=\"La decisione di optare o meno per un tetto apribile tripartito dipende dalle preferenze individuali, dal budget, dalle condizioni climatiche predominanti e dal livello di tolleranza rispetto ai potenziali svantaggi.\" \/>\n<meta property=\"og:url\" content=\"https:\/\/www.gratis.it\/news\/bmw-serie-4-cabrio-pro-contro-del-tetto-apribile-tripartito\/\" \/>\n<meta property=\"og:site_name\" content=\"Gratis.it\" \/>\n<meta property=\"article:publisher\" content=\"https:\/\/www.facebook.com\/gratis.it\" \/>\n<meta property=\"article:published_time\" content=\"2025-03-11T17:31:26+00:00\" \/>\n<meta property=\"article:modified_time\" content=\"2025-06-03T07:34:21+00:00\" \/>\n<meta property=\"og:image\" content=\"https:\/\/www.gratis.it\/news\/wp-content\/uploads\/bmw-serie-4-cabrio.gif\" \/>\n\t<meta property=\"og:image:width\" content=\"450\" \/>\n\t<meta property=\"og:image:height\" content=\"337\" \/>\n\t<meta property=\"og:image:type\" content=\"image\/gif\" \/>\n<meta name=\"author\" content=\"Nicoletta A.\" \/>\n<meta name=\"twitter:card\" content=\"summary_large_image\" \/>\n<meta name=\"twitter:creator\" content=\"@gratisit\" \/>\n<meta name=\"twitter:site\" content=\"@gratisit\" \/>\n<meta name=\"twitter:label1\" content=\"Scritto da\" \/>\n\t<meta name=\"twitter:data1\" content=\"Nicoletta A.\" \/>\n\t<meta name=\"twitter:label2\" content=\"Tempo di lettura stimato\" \/>\n\t<meta name=\"twitter:data2\" content=\"4 minuti\" \/>\n<script type=\"application\/ld+json\" class=\"yoast-schema-graph\">{\"@context\":\"https:\\\/\\\/schema.org\",\"@graph\":[{\"@type\":\"Article\",\"@id\":\"https:\\\/\\\/www.gratis.it\\\/news\\\/bmw-serie-4-cabrio-pro-contro-del-tetto-apribile-tripartito\\\/#article\",\"isPartOf\":{\"@id\":\"https:\\\/\\\/www.gratis.it\\\/news\\\/bmw-serie-4-cabrio-pro-contro-del-tetto-apribile-tripartito\\\/\"},\"author\":{\"name\":\"Nicoletta A.\",\"@id\":\"https:\\\/\\\/www.gratis.it\\\/news\\\/#\\\/schema\\\/person\\\/1c14d8332c4f04b3eea546f08ef7ab85\"},\"headline\":\"BMW Serie 4 cabrio: pro e contro del tetto apribile tripartito\",\"datePublished\":\"2025-03-11T17:31:26+00:00\",\"dateModified\":\"2025-06-03T07:34:21+00:00\",\"mainEntityOfPage\":{\"@id\":\"https:\\\/\\\/www.gratis.it\\\/news\\\/bmw-serie-4-cabrio-pro-contro-del-tetto-apribile-tripartito\\\/\"},\"wordCount\":523,\"commentCount\":0,\"publisher\":{\"@id\":\"https:\\\/\\\/www.gratis.it\\\/news\\\/#organization\"},\"image\":{\"@id\":\"https:\\\/\\\/www.gratis.it\\\/news\\\/bmw-serie-4-cabrio-pro-contro-del-tetto-apribile-tripartito\\\/#primaryimage\"},\"thumbnailUrl\":\"https:\\\/\\\/www.gratis.it\\\/news\\\/wp-content\\\/uploads\\\/bmw-serie-4-cabrio.gif\",\"keywords\":[\"BMW\"],\"articleSection\":[\"Motori\"],\"inLanguage\":\"it-IT\",\"potentialAction\":[{\"@type\":\"CommentAction\",\"name\":\"Comment\",\"target\":[\"https:\\\/\\\/www.gratis.it\\\/news\\\/bmw-serie-4-cabrio-pro-contro-del-tetto-apribile-tripartito\\\/#respond\"]}]},{\"@type\":\"WebPage\",\"@id\":\"https:\\\/\\\/www.gratis.it\\\/news\\\/bmw-serie-4-cabrio-pro-contro-del-tetto-apribile-tripartito\\\/\",\"url\":\"https:\\\/\\\/www.gratis.it\\\/news\\\/bmw-serie-4-cabrio-pro-contro-del-tetto-apribile-tripartito\\\/\",\"name\":\"BMW Serie 4 cabrio: pro e contro del tetto apribile tripartito\",\"isPartOf\":{\"@id\":\"https:\\\/\\\/www.gratis.it\\\/news\\\/#website\"},\"primaryImageOfPage\":{\"@id\":\"https:\\\/\\\/www.gratis.it\\\/news\\\/bmw-serie-4-cabrio-pro-contro-del-tetto-apribile-tripartito\\\/#primaryimage\"},\"image\":{\"@id\":\"https:\\\/\\\/www.gratis.it\\\/news\\\/bmw-serie-4-cabrio-pro-contro-del-tetto-apribile-tripartito\\\/#primaryimage\"},\"thumbnailUrl\":\"https:\\\/\\\/www.gratis.it\\\/news\\\/wp-content\\\/uploads\\\/bmw-serie-4-cabrio.gif\",\"datePublished\":\"2025-03-11T17:31:26+00:00\",\"dateModified\":\"2025-06-03T07:34:21+00:00\",\"description\":\"La decisione di optare o meno per un tetto apribile tripartito dipende dalle preferenze individuali, dal budget, dalle condizioni climatiche predominanti e dal livello di tolleranza rispetto ai potenziali svantaggi.\",\"breadcrumb\":{\"@id\":\"https:\\\/\\\/www.gratis.it\\\/news\\\/bmw-serie-4-cabrio-pro-contro-del-tetto-apribile-tripartito\\\/#breadcrumb\"},\"inLanguage\":\"it-IT\",\"potentialAction\":[{\"@type\":\"ReadAction\",\"target\":[\"https:\\\/\\\/www.gratis.it\\\/news\\\/bmw-serie-4-cabrio-pro-contro-del-tetto-apribile-tripartito\\\/\"]}]},{\"@type\":\"ImageObject\",\"inLanguage\":\"it-IT\",\"@id\":\"https:\\\/\\\/www.gratis.it\\\/news\\\/bmw-serie-4-cabrio-pro-contro-del-tetto-apribile-tripartito\\\/#primaryimage\",\"url\":\"https:\\\/\\\/www.gratis.it\\\/news\\\/wp-content\\\/uploads\\\/bmw-serie-4-cabrio.gif\",\"contentUrl\":\"https:\\\/\\\/www.gratis.it\\\/news\\\/wp-content\\\/uploads\\\/bmw-serie-4-cabrio.gif\",\"width\":450,\"height\":337,\"caption\":\"tetto apribile\"},{\"@type\":\"BreadcrumbList\",\"@id\":\"https:\\\/\\\/www.gratis.it\\\/news\\\/bmw-serie-4-cabrio-pro-contro-del-tetto-apribile-tripartito\\\/#breadcrumb\",\"itemListElement\":[{\"@type\":\"ListItem\",\"position\":1,\"name\":\"Home\",\"item\":\"https:\\\/\\\/www.gratis.it\\\/news\\\/\"},{\"@type\":\"ListItem\",\"position\":2,\"name\":\"BMW Serie 4 cabrio: pro e contro del tetto apribile tripartito\"}]},{\"@type\":\"WebSite\",\"@id\":\"https:\\\/\\\/www.gratis.it\\\/news\\\/#website\",\"url\":\"https:\\\/\\\/www.gratis.it\\\/news\\\/\",\"name\":\"Gratis.it\",\"description\":\"Gratis.it Magazine: solo notizie interessanti\",\"publisher\":{\"@id\":\"https:\\\/\\\/www.gratis.it\\\/news\\\/#organization\"},\"potentialAction\":[{\"@type\":\"SearchAction\",\"target\":{\"@type\":\"EntryPoint\",\"urlTemplate\":\"https:\\\/\\\/www.gratis.it\\\/news\\\/?s={search_term_string}\"},\"query-input\":{\"@type\":\"PropertyValueSpecification\",\"valueRequired\":true,\"valueName\":\"search_term_string\"}}],\"inLanguage\":\"it-IT\"},{\"@type\":\"Organization\",\"@id\":\"https:\\\/\\\/www.gratis.it\\\/news\\\/#organization\",\"name\":\"Gratis.it\",\"url\":\"https:\\\/\\\/www.gratis.it\\\/news\\\/\",\"logo\":{\"@type\":\"ImageObject\",\"inLanguage\":\"it-IT\",\"@id\":\"https:\\\/\\\/www.gratis.it\\\/news\\\/#\\\/schema\\\/logo\\\/image\\\/\",\"url\":\"https:\\\/\\\/www.gratis.it\\\/news\\\/wp-content\\\/uploads\\\/2025\\\/05\\\/logo_gratis_72dpi.jpg\",\"contentUrl\":\"https:\\\/\\\/www.gratis.it\\\/news\\\/wp-content\\\/uploads\\\/2025\\\/05\\\/logo_gratis_72dpi.jpg\",\"width\":198,\"height\":71,\"caption\":\"Gratis.it\"},\"image\":{\"@id\":\"https:\\\/\\\/www.gratis.it\\\/news\\\/#\\\/schema\\\/logo\\\/image\\\/\"},\"sameAs\":[\"https:\\\/\\\/www.facebook.com\\\/gratis.it\",\"https:\\\/\\\/x.com\\\/gratisit\"]},{\"@type\":\"Person\",\"@id\":\"https:\\\/\\\/www.gratis.it\\\/news\\\/#\\\/schema\\\/person\\\/1c14d8332c4f04b3eea546f08ef7ab85\",\"name\":\"Nicoletta A.\",\"image\":{\"@type\":\"ImageObject\",\"inLanguage\":\"it-IT\",\"@id\":\"https:\\\/\\\/secure.gravatar.com\\\/avatar\\\/0175d06db11eb321cd820ef951cc429acb4e6baa623d23df92c8356d0272a31d?s=96&d=mm&r=g\",\"url\":\"https:\\\/\\\/secure.gravatar.com\\\/avatar\\\/0175d06db11eb321cd820ef951cc429acb4e6baa623d23df92c8356d0272a31d?s=96&d=mm&r=g\",\"contentUrl\":\"https:\\\/\\\/secure.gravatar.com\\\/avatar\\\/0175d06db11eb321cd820ef951cc429acb4e6baa623d23df92c8356d0272a31d?s=96&d=mm&r=g\",\"caption\":\"Nicoletta A.\"},\"description\":\"Nicoletta \u00e8 una traduttrice professionista, esperta in localizzazione, post-editing, copywriting. Le sue aree di specializzazione includono saggistica, psicologia, teologia, finanza, ambiente, ecologia, cucina, turismo, giardinaggio, letteratura e creazione di glossari. Per molti anni \u00e8 stata caporedattrice del nostro progetto editoriale.\",\"url\":\"https:\\\/\\\/www.gratis.it\\\/news\\\/author\\\/nicoletta\\\/\"}]}<\/script>\n<!-- \/ Yoast SEO plugin. -->","yoast_head_json":{"title":"BMW Serie 4 cabrio: pro e contro del tetto apribile tripartito","description":"La decisione di optare o meno per un tetto apribile tripartito dipende dalle preferenze individuali, dal budget, dalle condizioni climatiche predominanti e dal livello di tolleranza rispetto ai potenziali svantaggi.","robots":{"index":"index","follow":"follow","max-snippet":"max-snippet:-1","max-image-preview":"max-image-preview:large","max-video-preview":"max-video-preview:-1"},"canonical":"https:\/\/www.gratis.it\/news\/bmw-serie-4-cabrio-pro-contro-del-tetto-apribile-tripartito\/","og_locale":"it_IT","og_type":"article","og_title":"BMW Serie 4 cabrio: pro e contro del tetto apribile tripartito","og_description":"La decisione di optare o meno per un tetto apribile tripartito dipende dalle preferenze individuali, dal budget, dalle condizioni climatiche predominanti e dal livello di tolleranza rispetto ai potenziali svantaggi.","og_url":"https:\/\/www.gratis.it\/news\/bmw-serie-4-cabrio-pro-contro-del-tetto-apribile-tripartito\/","og_site_name":"Gratis.it","article_publisher":"https:\/\/www.facebook.com\/gratis.it","article_published_time":"2025-03-11T17:31:26+00:00","article_modified_time":"2025-06-03T07:34:21+00:00","og_image":[{"width":450,"height":337,"url":"https:\/\/www.gratis.it\/news\/wp-content\/uploads\/bmw-serie-4-cabrio.gif","type":"image\/gif"}],"author":"Nicoletta A.","twitter_card":"summary_large_image","twitter_creator":"@gratisit","twitter_site":"@gratisit","twitter_misc":{"Scritto da":"Nicoletta A.","Tempo di lettura stimato":"4 minuti"},"schema":{"@context":"https:\/\/schema.org","@graph":[{"@type":"Article","@id":"https:\/\/www.gratis.it\/news\/bmw-serie-4-cabrio-pro-contro-del-tetto-apribile-tripartito\/#article","isPartOf":{"@id":"https:\/\/www.gratis.it\/news\/bmw-serie-4-cabrio-pro-contro-del-tetto-apribile-tripartito\/"},"author":{"name":"Nicoletta A.","@id":"https:\/\/www.gratis.it\/news\/#\/schema\/person\/1c14d8332c4f04b3eea546f08ef7ab85"},"headline":"BMW Serie 4 cabrio: pro e contro del tetto apribile tripartito","datePublished":"2025-03-11T17:31:26+00:00","dateModified":"2025-06-03T07:34:21+00:00","mainEntityOfPage":{"@id":"https:\/\/www.gratis.it\/news\/bmw-serie-4-cabrio-pro-contro-del-tetto-apribile-tripartito\/"},"wordCount":523,"commentCount":0,"publisher":{"@id":"https:\/\/www.gratis.it\/news\/#organization"},"image":{"@id":"https:\/\/www.gratis.it\/news\/bmw-serie-4-cabrio-pro-contro-del-tetto-apribile-tripartito\/#primaryimage"},"thumbnailUrl":"https:\/\/www.gratis.it\/news\/wp-content\/uploads\/bmw-serie-4-cabrio.gif","keywords":["BMW"],"articleSection":["Motori"],"inLanguage":"it-IT","potentialAction":[{"@type":"CommentAction","name":"Comment","target":["https:\/\/www.gratis.it\/news\/bmw-serie-4-cabrio-pro-contro-del-tetto-apribile-tripartito\/#respond"]}]},{"@type":"WebPage","@id":"https:\/\/www.gratis.it\/news\/bmw-serie-4-cabrio-pro-contro-del-tetto-apribile-tripartito\/","url":"https:\/\/www.gratis.it\/news\/bmw-serie-4-cabrio-pro-contro-del-tetto-apribile-tripartito\/","name":"BMW Serie 4 cabrio: pro e contro del tetto apribile tripartito","isPartOf":{"@id":"https:\/\/www.gratis.it\/news\/#website"},"primaryImageOfPage":{"@id":"https:\/\/www.gratis.it\/news\/bmw-serie-4-cabrio-pro-contro-del-tetto-apribile-tripartito\/#primaryimage"},"image":{"@id":"https:\/\/www.gratis.it\/news\/bmw-serie-4-cabrio-pro-contro-del-tetto-apribile-tripartito\/#primaryimage"},"thumbnailUrl":"https:\/\/www.gratis.it\/news\/wp-content\/uploads\/bmw-serie-4-cabrio.gif","datePublished":"2025-03-11T17:31:26+00:00","dateModified":"2025-06-03T07:34:21+00:00","description":"La decisione di optare o meno per un tetto apribile tripartito dipende dalle preferenze individuali, dal budget, dalle condizioni climatiche predominanti e dal livello di tolleranza rispetto ai potenziali svantaggi.","breadcrumb":{"@id":"https:\/\/www.gratis.it\/news\/bmw-serie-4-cabrio-pro-contro-del-tetto-apribile-tripartito\/#breadcrumb"},"inLanguage":"it-IT","potentialAction":[{"@type":"ReadAction","target":["https:\/\/www.gratis.it\/news\/bmw-serie-4-cabrio-pro-contro-del-tetto-apribile-tripartito\/"]}]},{"@type":"ImageObject","inLanguage":"it-IT","@id":"https:\/\/www.gratis.it\/news\/bmw-serie-4-cabrio-pro-contro-del-tetto-apribile-tripartito\/#primaryimage","url":"https:\/\/www.gratis.it\/news\/wp-content\/uploads\/bmw-serie-4-cabrio.gif","contentUrl":"https:\/\/www.gratis.it\/news\/wp-content\/uploads\/bmw-serie-4-cabrio.gif","width":450,"height":337,"caption":"tetto apribile"},{"@type":"BreadcrumbList","@id":"https:\/\/www.gratis.it\/news\/bmw-serie-4-cabrio-pro-contro-del-tetto-apribile-tripartito\/#breadcrumb","itemListElement":[{"@type":"ListItem","position":1,"name":"Home","item":"https:\/\/www.gratis.it\/news\/"},{"@type":"ListItem","position":2,"name":"BMW Serie 4 cabrio: pro e contro del tetto apribile tripartito"}]},{"@type":"WebSite","@id":"https:\/\/www.gratis.it\/news\/#website","url":"https:\/\/www.gratis.it\/news\/","name":"Gratis.it","description":"Gratis.it Magazine: solo notizie interessanti","publisher":{"@id":"https:\/\/www.gratis.it\/news\/#organization"},"potentialAction":[{"@type":"SearchAction","target":{"@type":"EntryPoint","urlTemplate":"https:\/\/www.gratis.it\/news\/?s={search_term_string}"},"query-input":{"@type":"PropertyValueSpecification","valueRequired":true,"valueName":"search_term_string"}}],"inLanguage":"it-IT"},{"@type":"Organization","@id":"https:\/\/www.gratis.it\/news\/#organization","name":"Gratis.it","url":"https:\/\/www.gratis.it\/news\/","logo":{"@type":"ImageObject","inLanguage":"it-IT","@id":"https:\/\/www.gratis.it\/news\/#\/schema\/logo\/image\/","url":"https:\/\/www.gratis.it\/news\/wp-content\/uploads\/2025\/05\/logo_gratis_72dpi.jpg","contentUrl":"https:\/\/www.gratis.it\/news\/wp-content\/uploads\/2025\/05\/logo_gratis_72dpi.jpg","width":198,"height":71,"caption":"Gratis.it"},"image":{"@id":"https:\/\/www.gratis.it\/news\/#\/schema\/logo\/image\/"},"sameAs":["https:\/\/www.facebook.com\/gratis.it","https:\/\/x.com\/gratisit"]},{"@type":"Person","@id":"https:\/\/www.gratis.it\/news\/#\/schema\/person\/1c14d8332c4f04b3eea546f08ef7ab85","name":"Nicoletta A.","image":{"@type":"ImageObject","inLanguage":"it-IT","@id":"https:\/\/secure.gravatar.com\/avatar\/0175d06db11eb321cd820ef951cc429acb4e6baa623d23df92c8356d0272a31d?s=96&d=mm&r=g","url":"https:\/\/secure.gravatar.com\/avatar\/0175d06db11eb321cd820ef951cc429acb4e6baa623d23df92c8356d0272a31d?s=96&d=mm&r=g","contentUrl":"https:\/\/secure.gravatar.com\/avatar\/0175d06db11eb321cd820ef951cc429acb4e6baa623d23df92c8356d0272a31d?s=96&d=mm&r=g","caption":"Nicoletta A."},"description":"Nicoletta \u00e8 una traduttrice professionista, esperta in localizzazione, post-editing, copywriting. Le sue aree di specializzazione includono saggistica, psicologia, teologia, finanza, ambiente, ecologia, cucina, turismo, giardinaggio, letteratura e creazione di glossari. Per molti anni \u00e8 stata caporedattrice del nostro progetto editoriale.","url":"https:\/\/www.gratis.it\/news\/author\/nicoletta\/"}]}},"_links":{"self":[{"href":"https:\/\/www.gratis.it\/news\/wp-json\/wp\/v2\/posts\/9658","targetHints":{"allow":["GET"]}}],"collection":[{"href":"https:\/\/www.gratis.it\/news\/wp-json\/wp\/v2\/posts"}],"about":[{"href":"https:\/\/www.gratis.it\/news\/wp-json\/wp\/v2\/types\/post"}],"author":[{"embeddable":true,"href":"https:\/\/www.gratis.it\/news\/wp-json\/wp\/v2\/users\/4"}],"replies":[{"embeddable":true,"href":"https:\/\/www.gratis.it\/news\/wp-json\/wp\/v2\/comments?post=9658"}],"version-history":[{"count":1,"href":"https:\/\/www.gratis.it\/news\/wp-json\/wp\/v2\/posts\/9658\/revisions"}],"predecessor-version":[{"id":24826,"href":"https:\/\/www.gratis.it\/news\/wp-json\/wp\/v2\/posts\/9658\/revisions\/24826"}],"wp:featuredmedia":[{"embeddable":true,"href":"https:\/\/www.gratis.it\/news\/wp-json\/wp\/v2\/media\/9659"}],"wp:attachment":[{"href":"https:\/\/www.gratis.it\/news\/wp-json\/wp\/v2\/media?parent=9658"}],"wp:term":[{"taxonomy":"category","embeddable":true,"href":"https:\/\/www.gratis.it\/news\/wp-json\/wp\/v2\/categories?post=9658"},{"taxonomy":"post_tag","embeddable":true,"href":"https:\/\/www.gratis.it\/news\/wp-json\/wp\/v2\/tags?post=9658"}],"curies":[{"name":"wp","href":"https:\/\/api.w.org\/{rel}","templated":true}]}}