{"id":482,"date":"2025-06-01T11:07:13","date_gmt":"2025-06-01T09:07:13","guid":{"rendered":"https:\/\/www.solostyle.it\/santa-barbara-designs-ombrelloni-alla-moda\/"},"modified":"2025-06-03T11:21:35","modified_gmt":"2025-06-03T09:21:35","slug":"santa-barbara-designs-ombrelloni-alla-moda","status":"publish","type":"post","link":"https:\/\/www.gratis.it\/news\/santa-barbara-designs-ombrelloni-alla-moda\/","title":{"rendered":"Santa Barbara Designs, ombrelloni alla moda!"},"content":{"rendered":"<div class=\"wp-block-image\">\n<figure class=\"alignleft size-full\"><img loading=\"lazy\" decoding=\"async\" width=\"400\" height=\"368\" src=\"https:\/\/www.gratis.it\/news\/wp-content\/uploads\/ombrellone.jpg\" alt=\"\" class=\"wp-image-483\" srcset=\"https:\/\/www.gratis.it\/news\/wp-content\/uploads\/ombrellone.jpg 400w, https:\/\/www.gratis.it\/news\/wp-content\/uploads\/ombrellone-300x276.jpg 300w\" sizes=\"auto, (max-width: 400px) 100vw, 400px\" \/><\/figure>\n<\/div>\n\n\n<p>La classe non \u00e8 acqua. In questo caso, la classe si avvicina al desiderio di relax, all&#8217;idea di vacanza e al concetto di eleganza. Dal 1982 <strong><a href=\"https:\/\/santabarbaradesigns.com\/\" target=\"_blank\" rel=\"noreferrer noopener\">Santa Barbara Designs<\/a><\/strong> \u00e8 la soluzione ideale per le vacanze chic.<\/p>\n\n\n\n<p><strong>Ombrelloni<\/strong> raffinati, eleganti, colorati e molto originali, dai tanti tessuti e accessori disponibili che fanno di questi ombrelloni pluripremiati i migliori dal punto di vista della manifattura.<\/p>\n\n\n\n<p>Ispirati ai classici ombrelloni europei, questi modelli sono in grado di soddisfare le esigenze di tutti. Creazioni che, giorno dopo giorno, resistono all&#8217;uso e al vento.<\/p>\n\n\n\n<p>Sia in spiaggia che su un bel terrazzo fiorito, Santa Barbara Designs far\u00e0 la differenza&#8230; il problema \u00e8 che non \u00e8 molto facile trovarli in Italia. Se sapete dove, scrivetelo nei commenti!<\/p>\n\n\n\n<figure class=\"wp-block-embed is-type-video is-provider-youtube wp-block-embed-youtube wp-embed-aspect-16-9 wp-has-aspect-ratio\"><div class=\"wp-block-embed__wrapper\">\n<iframe loading=\"lazy\" title=\"Santa Barbara Designs\" width=\"500\" height=\"281\" src=\"https:\/\/www.youtube.com\/embed\/4LY45K9MfDY?feature=oembed\" frameborder=\"0\" allow=\"accelerometer; autoplay; clipboard-write; encrypted-media; gyroscope; picture-in-picture; web-share\" referrerpolicy=\"strict-origin-when-cross-origin\" allowfullscreen><\/iframe>\n<\/div><\/figure>\n<div style=\"margin-top: 0px; margin-bottom: 0px;\" class=\"sharethis-inline-share-buttons\" ><\/div>","protected":false},"excerpt":{"rendered":"<p>La classe non \u00e8 acqua. In questo caso, la classe si avvicina al desiderio di relax, all&#8217;idea di vacanza e al concetto di eleganza. Dal 1982 Santa Barbara Designs \u00e8 la soluzione ideale per le vacanze chic. Ombrelloni raffinati, eleganti, colorati e&hellip;<\/p>\n","protected":false},"author":13,"featured_media":483,"comment_status":"open","ping_status":"closed","sticky":false,"template":"","format":"standard","meta":{"rop_custom_images_group":[],"rop_custom_messages_group":[],"rop_publish_now":"initial","rop_publish_now_accounts":{"twitter_130435642_130435642":""},"rop_publish_now_history":[],"rop_publish_now_status":"pending","footnotes":""},"categories":[19],"tags":[],"class_list":["post-482","post","type-post","status-publish","format-standard","has-post-thumbnail","hentry","category-moda"],"yoast_head":"<!-- This site is optimized with the Yoast SEO plugin v27.4 - https:\/\/yoast.com\/product\/yoast-seo-wordpress\/ -->\n<title>Santa Barbara Designs, ombrelloni alla moda! - Gratis.it<\/title>\n<meta name=\"robots\" content=\"index, follow, max-snippet:-1, max-image-preview:large, max-video-preview:-1\" \/>\n<link rel=\"canonical\" href=\"https:\/\/www.gratis.it\/news\/santa-barbara-designs-ombrelloni-alla-moda\/\" \/>\n<meta property=\"og:locale\" content=\"it_IT\" \/>\n<meta property=\"og:type\" content=\"article\" \/>\n<meta property=\"og:title\" content=\"Santa Barbara Designs, ombrelloni alla moda! - Gratis.it\" \/>\n<meta property=\"og:description\" content=\"La classe non \u00e8 acqua. In questo caso, la classe si avvicina al desiderio di relax, all&#8217;idea di vacanza e al concetto di eleganza. Dal 1982 Santa Barbara Designs \u00e8 la soluzione ideale per le vacanze chic. Ombrelloni raffinati, eleganti, colorati e&hellip;\" \/>\n<meta property=\"og:url\" content=\"https:\/\/www.gratis.it\/news\/santa-barbara-designs-ombrelloni-alla-moda\/\" \/>\n<meta property=\"og:site_name\" content=\"Gratis.it\" \/>\n<meta property=\"article:publisher\" content=\"https:\/\/www.facebook.com\/gratis.it\" \/>\n<meta property=\"article:published_time\" content=\"2025-06-01T09:07:13+00:00\" \/>\n<meta property=\"article:modified_time\" content=\"2025-06-03T09:21:35+00:00\" \/>\n<meta property=\"og:image\" content=\"https:\/\/www.gratis.it\/news\/wp-content\/uploads\/ombrellone.jpg\" \/>\n\t<meta property=\"og:image:width\" content=\"400\" \/>\n\t<meta property=\"og:image:height\" content=\"368\" \/>\n\t<meta property=\"og:image:type\" content=\"image\/jpeg\" \/>\n<meta name=\"author\" content=\"valeria\" \/>\n<meta name=\"twitter:card\" content=\"summary_large_image\" \/>\n<meta name=\"twitter:creator\" content=\"@gratisit\" \/>\n<meta name=\"twitter:site\" content=\"@gratisit\" \/>\n<meta name=\"twitter:label1\" content=\"Scritto da\" \/>\n\t<meta name=\"twitter:data1\" content=\"valeria\" \/>\n\t<meta name=\"twitter:label2\" content=\"Tempo di lettura stimato\" \/>\n\t<meta name=\"twitter:data2\" content=\"2 minuti\" \/>\n<script type=\"application\/ld+json\" class=\"yoast-schema-graph\">{\"@context\":\"https:\\\/\\\/schema.org\",\"@graph\":[{\"@type\":\"Article\",\"@id\":\"https:\\\/\\\/www.gratis.it\\\/news\\\/santa-barbara-designs-ombrelloni-alla-moda\\\/#article\",\"isPartOf\":{\"@id\":\"https:\\\/\\\/www.gratis.it\\\/news\\\/santa-barbara-designs-ombrelloni-alla-moda\\\/\"},\"author\":{\"name\":\"valeria\",\"@id\":\"https:\\\/\\\/www.gratis.it\\\/news\\\/#\\\/schema\\\/person\\\/f709a1d33d41bcd9c8bc4797a33e2e4b\"},\"headline\":\"Santa Barbara Designs, ombrelloni alla moda!\",\"datePublished\":\"2025-06-01T09:07:13+00:00\",\"dateModified\":\"2025-06-03T09:21:35+00:00\",\"mainEntityOfPage\":{\"@id\":\"https:\\\/\\\/www.gratis.it\\\/news\\\/santa-barbara-designs-ombrelloni-alla-moda\\\/\"},\"wordCount\":132,\"commentCount\":0,\"publisher\":{\"@id\":\"https:\\\/\\\/www.gratis.it\\\/news\\\/#organization\"},\"image\":{\"@id\":\"https:\\\/\\\/www.gratis.it\\\/news\\\/santa-barbara-designs-ombrelloni-alla-moda\\\/#primaryimage\"},\"thumbnailUrl\":\"https:\\\/\\\/www.gratis.it\\\/news\\\/wp-content\\\/uploads\\\/ombrellone.jpg\",\"articleSection\":[\"Moda\"],\"inLanguage\":\"it-IT\",\"potentialAction\":[{\"@type\":\"CommentAction\",\"name\":\"Comment\",\"target\":[\"https:\\\/\\\/www.gratis.it\\\/news\\\/santa-barbara-designs-ombrelloni-alla-moda\\\/#respond\"]}]},{\"@type\":\"WebPage\",\"@id\":\"https:\\\/\\\/www.gratis.it\\\/news\\\/santa-barbara-designs-ombrelloni-alla-moda\\\/\",\"url\":\"https:\\\/\\\/www.gratis.it\\\/news\\\/santa-barbara-designs-ombrelloni-alla-moda\\\/\",\"name\":\"Santa Barbara Designs, ombrelloni alla moda! - Gratis.it\",\"isPartOf\":{\"@id\":\"https:\\\/\\\/www.gratis.it\\\/news\\\/#website\"},\"primaryImageOfPage\":{\"@id\":\"https:\\\/\\\/www.gratis.it\\\/news\\\/santa-barbara-designs-ombrelloni-alla-moda\\\/#primaryimage\"},\"image\":{\"@id\":\"https:\\\/\\\/www.gratis.it\\\/news\\\/santa-barbara-designs-ombrelloni-alla-moda\\\/#primaryimage\"},\"thumbnailUrl\":\"https:\\\/\\\/www.gratis.it\\\/news\\\/wp-content\\\/uploads\\\/ombrellone.jpg\",\"datePublished\":\"2025-06-01T09:07:13+00:00\",\"dateModified\":\"2025-06-03T09:21:35+00:00\",\"breadcrumb\":{\"@id\":\"https:\\\/\\\/www.gratis.it\\\/news\\\/santa-barbara-designs-ombrelloni-alla-moda\\\/#breadcrumb\"},\"inLanguage\":\"it-IT\",\"potentialAction\":[{\"@type\":\"ReadAction\",\"target\":[\"https:\\\/\\\/www.gratis.it\\\/news\\\/santa-barbara-designs-ombrelloni-alla-moda\\\/\"]}]},{\"@type\":\"ImageObject\",\"inLanguage\":\"it-IT\",\"@id\":\"https:\\\/\\\/www.gratis.it\\\/news\\\/santa-barbara-designs-ombrelloni-alla-moda\\\/#primaryimage\",\"url\":\"https:\\\/\\\/www.gratis.it\\\/news\\\/wp-content\\\/uploads\\\/ombrellone.jpg\",\"contentUrl\":\"https:\\\/\\\/www.gratis.it\\\/news\\\/wp-content\\\/uploads\\\/ombrellone.jpg\",\"width\":400,\"height\":368},{\"@type\":\"BreadcrumbList\",\"@id\":\"https:\\\/\\\/www.gratis.it\\\/news\\\/santa-barbara-designs-ombrelloni-alla-moda\\\/#breadcrumb\",\"itemListElement\":[{\"@type\":\"ListItem\",\"position\":1,\"name\":\"Home\",\"item\":\"https:\\\/\\\/www.gratis.it\\\/news\\\/\"},{\"@type\":\"ListItem\",\"position\":2,\"name\":\"Santa Barbara Designs, ombrelloni alla moda!\"}]},{\"@type\":\"WebSite\",\"@id\":\"https:\\\/\\\/www.gratis.it\\\/news\\\/#website\",\"url\":\"https:\\\/\\\/www.gratis.it\\\/news\\\/\",\"name\":\"Gratis.it\",\"description\":\"Gratis.it Magazine: solo notizie interessanti\",\"publisher\":{\"@id\":\"https:\\\/\\\/www.gratis.it\\\/news\\\/#organization\"},\"potentialAction\":[{\"@type\":\"SearchAction\",\"target\":{\"@type\":\"EntryPoint\",\"urlTemplate\":\"https:\\\/\\\/www.gratis.it\\\/news\\\/?s={search_term_string}\"},\"query-input\":{\"@type\":\"PropertyValueSpecification\",\"valueRequired\":true,\"valueName\":\"search_term_string\"}}],\"inLanguage\":\"it-IT\"},{\"@type\":\"Organization\",\"@id\":\"https:\\\/\\\/www.gratis.it\\\/news\\\/#organization\",\"name\":\"Gratis.it\",\"url\":\"https:\\\/\\\/www.gratis.it\\\/news\\\/\",\"logo\":{\"@type\":\"ImageObject\",\"inLanguage\":\"it-IT\",\"@id\":\"https:\\\/\\\/www.gratis.it\\\/news\\\/#\\\/schema\\\/logo\\\/image\\\/\",\"url\":\"https:\\\/\\\/www.gratis.it\\\/news\\\/wp-content\\\/uploads\\\/2025\\\/05\\\/logo_gratis_72dpi.jpg\",\"contentUrl\":\"https:\\\/\\\/www.gratis.it\\\/news\\\/wp-content\\\/uploads\\\/2025\\\/05\\\/logo_gratis_72dpi.jpg\",\"width\":198,\"height\":71,\"caption\":\"Gratis.it\"},\"image\":{\"@id\":\"https:\\\/\\\/www.gratis.it\\\/news\\\/#\\\/schema\\\/logo\\\/image\\\/\"},\"sameAs\":[\"https:\\\/\\\/www.facebook.com\\\/gratis.it\",\"https:\\\/\\\/x.com\\\/gratisit\"]},{\"@type\":\"Person\",\"@id\":\"https:\\\/\\\/www.gratis.it\\\/news\\\/#\\\/schema\\\/person\\\/f709a1d33d41bcd9c8bc4797a33e2e4b\",\"name\":\"valeria\",\"image\":{\"@type\":\"ImageObject\",\"inLanguage\":\"it-IT\",\"@id\":\"https:\\\/\\\/secure.gravatar.com\\\/avatar\\\/?s=96&d=mm&r=g\",\"url\":\"https:\\\/\\\/secure.gravatar.com\\\/avatar\\\/?s=96&d=mm&r=g\",\"contentUrl\":\"https:\\\/\\\/secure.gravatar.com\\\/avatar\\\/?s=96&d=mm&r=g\",\"caption\":\"valeria\"},\"url\":\"https:\\\/\\\/www.gratis.it\\\/news\\\/author\\\/valeria\\\/\"}]}<\/script>\n<!-- \/ Yoast SEO plugin. -->","yoast_head_json":{"title":"Santa Barbara Designs, ombrelloni alla moda! - Gratis.it","robots":{"index":"index","follow":"follow","max-snippet":"max-snippet:-1","max-image-preview":"max-image-preview:large","max-video-preview":"max-video-preview:-1"},"canonical":"https:\/\/www.gratis.it\/news\/santa-barbara-designs-ombrelloni-alla-moda\/","og_locale":"it_IT","og_type":"article","og_title":"Santa Barbara Designs, ombrelloni alla moda! - Gratis.it","og_description":"La classe non \u00e8 acqua. In questo caso, la classe si avvicina al desiderio di relax, all&#8217;idea di vacanza e al concetto di eleganza. Dal 1982 Santa Barbara Designs \u00e8 la soluzione ideale per le vacanze chic. Ombrelloni raffinati, eleganti, colorati e&hellip;","og_url":"https:\/\/www.gratis.it\/news\/santa-barbara-designs-ombrelloni-alla-moda\/","og_site_name":"Gratis.it","article_publisher":"https:\/\/www.facebook.com\/gratis.it","article_published_time":"2025-06-01T09:07:13+00:00","article_modified_time":"2025-06-03T09:21:35+00:00","og_image":[{"width":400,"height":368,"url":"https:\/\/www.gratis.it\/news\/wp-content\/uploads\/ombrellone.jpg","type":"image\/jpeg"}],"author":"valeria","twitter_card":"summary_large_image","twitter_creator":"@gratisit","twitter_site":"@gratisit","twitter_misc":{"Scritto da":"valeria","Tempo di lettura stimato":"2 minuti"},"schema":{"@context":"https:\/\/schema.org","@graph":[{"@type":"Article","@id":"https:\/\/www.gratis.it\/news\/santa-barbara-designs-ombrelloni-alla-moda\/#article","isPartOf":{"@id":"https:\/\/www.gratis.it\/news\/santa-barbara-designs-ombrelloni-alla-moda\/"},"author":{"name":"valeria","@id":"https:\/\/www.gratis.it\/news\/#\/schema\/person\/f709a1d33d41bcd9c8bc4797a33e2e4b"},"headline":"Santa Barbara Designs, ombrelloni alla moda!","datePublished":"2025-06-01T09:07:13+00:00","dateModified":"2025-06-03T09:21:35+00:00","mainEntityOfPage":{"@id":"https:\/\/www.gratis.it\/news\/santa-barbara-designs-ombrelloni-alla-moda\/"},"wordCount":132,"commentCount":0,"publisher":{"@id":"https:\/\/www.gratis.it\/news\/#organization"},"image":{"@id":"https:\/\/www.gratis.it\/news\/santa-barbara-designs-ombrelloni-alla-moda\/#primaryimage"},"thumbnailUrl":"https:\/\/www.gratis.it\/news\/wp-content\/uploads\/ombrellone.jpg","articleSection":["Moda"],"inLanguage":"it-IT","potentialAction":[{"@type":"CommentAction","name":"Comment","target":["https:\/\/www.gratis.it\/news\/santa-barbara-designs-ombrelloni-alla-moda\/#respond"]}]},{"@type":"WebPage","@id":"https:\/\/www.gratis.it\/news\/santa-barbara-designs-ombrelloni-alla-moda\/","url":"https:\/\/www.gratis.it\/news\/santa-barbara-designs-ombrelloni-alla-moda\/","name":"Santa Barbara Designs, ombrelloni alla moda! - Gratis.it","isPartOf":{"@id":"https:\/\/www.gratis.it\/news\/#website"},"primaryImageOfPage":{"@id":"https:\/\/www.gratis.it\/news\/santa-barbara-designs-ombrelloni-alla-moda\/#primaryimage"},"image":{"@id":"https:\/\/www.gratis.it\/news\/santa-barbara-designs-ombrelloni-alla-moda\/#primaryimage"},"thumbnailUrl":"https:\/\/www.gratis.it\/news\/wp-content\/uploads\/ombrellone.jpg","datePublished":"2025-06-01T09:07:13+00:00","dateModified":"2025-06-03T09:21:35+00:00","breadcrumb":{"@id":"https:\/\/www.gratis.it\/news\/santa-barbara-designs-ombrelloni-alla-moda\/#breadcrumb"},"inLanguage":"it-IT","potentialAction":[{"@type":"ReadAction","target":["https:\/\/www.gratis.it\/news\/santa-barbara-designs-ombrelloni-alla-moda\/"]}]},{"@type":"ImageObject","inLanguage":"it-IT","@id":"https:\/\/www.gratis.it\/news\/santa-barbara-designs-ombrelloni-alla-moda\/#primaryimage","url":"https:\/\/www.gratis.it\/news\/wp-content\/uploads\/ombrellone.jpg","contentUrl":"https:\/\/www.gratis.it\/news\/wp-content\/uploads\/ombrellone.jpg","width":400,"height":368},{"@type":"BreadcrumbList","@id":"https:\/\/www.gratis.it\/news\/santa-barbara-designs-ombrelloni-alla-moda\/#breadcrumb","itemListElement":[{"@type":"ListItem","position":1,"name":"Home","item":"https:\/\/www.gratis.it\/news\/"},{"@type":"ListItem","position":2,"name":"Santa Barbara Designs, ombrelloni alla moda!"}]},{"@type":"WebSite","@id":"https:\/\/www.gratis.it\/news\/#website","url":"https:\/\/www.gratis.it\/news\/","name":"Gratis.it","description":"Gratis.it Magazine: solo notizie interessanti","publisher":{"@id":"https:\/\/www.gratis.it\/news\/#organization"},"potentialAction":[{"@type":"SearchAction","target":{"@type":"EntryPoint","urlTemplate":"https:\/\/www.gratis.it\/news\/?s={search_term_string}"},"query-input":{"@type":"PropertyValueSpecification","valueRequired":true,"valueName":"search_term_string"}}],"inLanguage":"it-IT"},{"@type":"Organization","@id":"https:\/\/www.gratis.it\/news\/#organization","name":"Gratis.it","url":"https:\/\/www.gratis.it\/news\/","logo":{"@type":"ImageObject","inLanguage":"it-IT","@id":"https:\/\/www.gratis.it\/news\/#\/schema\/logo\/image\/","url":"https:\/\/www.gratis.it\/news\/wp-content\/uploads\/2025\/05\/logo_gratis_72dpi.jpg","contentUrl":"https:\/\/www.gratis.it\/news\/wp-content\/uploads\/2025\/05\/logo_gratis_72dpi.jpg","width":198,"height":71,"caption":"Gratis.it"},"image":{"@id":"https:\/\/www.gratis.it\/news\/#\/schema\/logo\/image\/"},"sameAs":["https:\/\/www.facebook.com\/gratis.it","https:\/\/x.com\/gratisit"]},{"@type":"Person","@id":"https:\/\/www.gratis.it\/news\/#\/schema\/person\/f709a1d33d41bcd9c8bc4797a33e2e4b","name":"valeria","image":{"@type":"ImageObject","inLanguage":"it-IT","@id":"https:\/\/secure.gravatar.com\/avatar\/?s=96&d=mm&r=g","url":"https:\/\/secure.gravatar.com\/avatar\/?s=96&d=mm&r=g","contentUrl":"https:\/\/secure.gravatar.com\/avatar\/?s=96&d=mm&r=g","caption":"valeria"},"url":"https:\/\/www.gratis.it\/news\/author\/valeria\/"}]}},"_links":{"self":[{"href":"https:\/\/www.gratis.it\/news\/wp-json\/wp\/v2\/posts\/482","targetHints":{"allow":["GET"]}}],"collection":[{"href":"https:\/\/www.gratis.it\/news\/wp-json\/wp\/v2\/posts"}],"about":[{"href":"https:\/\/www.gratis.it\/news\/wp-json\/wp\/v2\/types\/post"}],"author":[{"embeddable":true,"href":"https:\/\/www.gratis.it\/news\/wp-json\/wp\/v2\/users\/13"}],"replies":[{"embeddable":true,"href":"https:\/\/www.gratis.it\/news\/wp-json\/wp\/v2\/comments?post=482"}],"version-history":[{"count":1,"href":"https:\/\/www.gratis.it\/news\/wp-json\/wp\/v2\/posts\/482\/revisions"}],"predecessor-version":[{"id":24836,"href":"https:\/\/www.gratis.it\/news\/wp-json\/wp\/v2\/posts\/482\/revisions\/24836"}],"wp:featuredmedia":[{"embeddable":true,"href":"https:\/\/www.gratis.it\/news\/wp-json\/wp\/v2\/media\/483"}],"wp:attachment":[{"href":"https:\/\/www.gratis.it\/news\/wp-json\/wp\/v2\/media?parent=482"}],"wp:term":[{"taxonomy":"category","embeddable":true,"href":"https:\/\/www.gratis.it\/news\/wp-json\/wp\/v2\/categories?post=482"},{"taxonomy":"post_tag","embeddable":true,"href":"https:\/\/www.gratis.it\/news\/wp-json\/wp\/v2\/tags?post=482"}],"curies":[{"name":"wp","href":"https:\/\/api.w.org\/{rel}","templated":true}]}}