{"id":268,"date":"2025-10-18T11:55:03","date_gmt":"2025-10-18T09:55:03","guid":{"rendered":"https:\/\/www.solotravel.it\/?p=268"},"modified":"2025-06-06T22:15:58","modified_gmt":"2025-06-06T20:15:58","slug":"capodanno-a-madeira","status":"publish","type":"post","link":"https:\/\/www.gratis.it\/news\/capodanno-a-madeira\/","title":{"rendered":"Capodanno 2025 a Madeira"},"content":{"rendered":"<div class=\"wp-block-image\">\n<figure class=\"alignleft size-large is-resized\"><img loading=\"lazy\" decoding=\"async\" width=\"1024\" height=\"682\" src=\"https:\/\/www.gratis.it\/news\/wp-content\/uploads\/madeira-1024x682.jpg\" alt=\"\" class=\"wp-image-24575\" style=\"width:450px\" srcset=\"https:\/\/www.gratis.it\/news\/wp-content\/uploads\/madeira-1024x682.jpg 1024w, https:\/\/www.gratis.it\/news\/wp-content\/uploads\/madeira-300x200.jpg 300w, https:\/\/www.gratis.it\/news\/wp-content\/uploads\/madeira-768x512.jpg 768w, https:\/\/www.gratis.it\/news\/wp-content\/uploads\/madeira.jpg 1280w\" sizes=\"auto, (max-width: 1024px) 100vw, 1024px\" \/><\/figure>\n<\/div>\n\n\n<p>Il Capodanno festeggiato a <strong>Funchal<\/strong>, il capoluogo dell&#8217;isola portoghese di <strong>Madeira<\/strong> \u00e8 considerato uno dei pi\u00f9 spettacolari del mondo: la baia su cui si affaccia la citt\u00e0 forma infatti un anfiteatro ideale per assistere a uno spettacolo indimenticabile.<\/p>\n\n\n\n<p>Se state cercando un luogo speciale per salutare l&#8217;anno nuovo, Madeira potrebbe quindi essere una scelta interessante. Ecco cosa aspettarsi da una serata di San Silvestro a Madeira, nota per i suoi paesaggi verdi e il clima mite tutto l&#8217;anno, dove le tradizioni si mescolano alla festosit\u00e0 moderna.<\/p>\n\n\n\n<h2 class=\"wp-block-heading\">Festeggiamenti in stile madeirense: fuochi d\u2019artificio e concerti<\/h2>\n\n\n\n<p>Uno dei momenti pi\u00f9 attesi del Capodanno a Madeira \u00e8 lo spettacolo pirotecnico, che illumina il cielo sopra la baia di Funchal. Considerato uno dei fuochi d&#8217;artificio pi\u00f9 spettacolari d&#8217;Europa, questo evento \u00e8 stato persino certificato dal <a href=\"https:\/\/www.madeira-live.com\/it\/newsflash\/guinness-world-record.html\" target=\"_blank\" rel=\"noreferrer noopener\">Guinness dei Primati nel 2006 come il pi\u00f9 grande spettacolo pirotecnico al mondo<\/a>. La <em>baia di Funchal<\/em>, gi\u00e0 suggestiva di per s\u00e9, si trasforma in un vero e proprio palcoscenico di luci e colori che durano diversi minuti, offrendo un\u2019esperienza visiva unica: il cielo si riempie, con grande frastuono, di colori, luci ed esplosioni che si rispecchiano sull\u2019oceano.<\/p>\n\n\n\n<figure class=\"wp-block-embed is-type-video is-provider-youtube wp-block-embed-youtube wp-embed-aspect-16-9 wp-has-aspect-ratio\"><div class=\"wp-block-embed__wrapper\">\n<iframe loading=\"lazy\" title=\"Capodanno da Guinness a Madeira! ?????\" width=\"500\" height=\"281\" src=\"https:\/\/www.youtube.com\/embed\/PMDk3dgd_v8?feature=oembed\" frameborder=\"0\" allow=\"accelerometer; autoplay; clipboard-write; encrypted-media; gyroscope; picture-in-picture; web-share\" referrerpolicy=\"strict-origin-when-cross-origin\" allowfullscreen><\/iframe>\n<\/div><\/figure>\n\n\n\n<p>Per maggiori informazioni sugli eventi e sugli spettacoli organizzati in citt\u00e0, puoi visitare il <a href=\"https:\/\/www.visitmadeira.com\/\" target=\"_blank\" rel=\"noreferrer noopener\">sito ufficiale del turismo di Madeira<\/a>.<\/p>\n\n\n\n<h2 class=\"wp-block-heading\">La tradizione delle uve e il brindisi con il vino di Madeira<\/h2>\n\n\n\n<p>A Madeira, come in molte altre culture, c\u2019\u00e8 l\u2019usanza di mangiare <strong>dodici chicchi d&#8217;uva<\/strong> allo scoccare della mezzanotte, uno per ogni rintocco, per simboleggiare fortuna e prosperit\u00e0 per i dodici mesi dell&#8217;anno nuovo. E, naturalmente, quale miglior modo per brindare se non con un calice di vino locale? Il <a href=\"https:\/\/www.solofornelli.it\/vino-fortificato-come-nasce\/\" target=\"_blank\" rel=\"noreferrer noopener\">vino fortificato di Madeira<\/a>, noto per il suo gusto corposo e aromatico, \u00e8 una scelta apprezzata sia dai turisti che dai residenti. Non dimenticate di provare anche il poncha, un tipico cocktail a base di rum, miele e succo di limone.<\/p>\n\n\n\n<h2 class=\"wp-block-heading\">Cena di Capodanno e tradizioni culinarie<\/h2>\n\n\n\n<p>Un viaggio a Madeira per Capodanno non sarebbe completo senza un assaggio delle specialit\u00e0 culinarie dell\u2019isola. Gli hotel e i ristoranti di Funchal organizzano cene speciali di San Silvestro, con piatti tradizionali come l&#8217;<em>espada com banana<\/em> (pesce spada con banana) e la <em><a href=\"https:\/\/en.wikipedia.org\/wiki\/Grilled_limpets\" target=\"_blank\" rel=\"noreferrer noopener\">lapas grelhadas<\/a><\/em> (patelle alla griglia). Questi piatti, accompagnati da verdure fresche e pane locale, creano un\u2019esperienza gastronomica che pu\u00f2 accontentare ogni palato.<\/p>\n\n\n\n<h2 class=\"wp-block-heading\">Dove alloggiare a Funchal per godere della festa<\/h2>\n\n\n<div class=\"wp-block-image\">\n<figure class=\"alignright size-full is-resized\"><img decoding=\"async\" src=\"https:\/\/www.solotravel.it\/wp-content\/uploads\/2015\/09\/Sensazionale-veduta-di-Madeira-Portogallo-fotospettacolari.gif\" alt=\"Sensazionale veduta di Madeira Portogallo fotospettacolari\" class=\"wp-image-15064\" style=\"width:450px\"\/><\/figure>\n<\/div>\n\n\n<p>Molti viaggiatori scelgono di alloggiare a Funchal, la capitale dell&#8217;isola, per avere un facile accesso ai festeggiamenti e alla vista migliore dei fuochi d\u2019artificio. Ci sono opzioni per ogni gusto e budget, dagli hotel a cinque stelle con terrazze panoramiche agli appartamenti che si affacciano sulla baia. Prenotare in anticipo \u00e8 una buona idea, dato che la richiesta per Capodanno \u00e8 sempre molto alta.<\/p>\n<div style=\"margin-top: 0px; margin-bottom: 0px;\" class=\"sharethis-inline-share-buttons\" ><\/div>","protected":false},"excerpt":{"rendered":"<p>Il Capodanno festeggiato a Funchal, il capoluogo dell&#8217;isola portoghese di Madeira \u00e8 considerato uno dei pi\u00f9 spettacolari del mondo: la baia su cui si affaccia la citt\u00e0 forma infatti un anfiteatro ideale per assistere a uno spettacolo indimenticabile. Se state cercando un&hellip;<\/p>\n","protected":false},"author":4,"featured_media":24575,"comment_status":"open","ping_status":"closed","sticky":false,"template":"","format":"standard","meta":{"rop_custom_images_group":[],"rop_custom_messages_group":[],"rop_publish_now":"initial","rop_publish_now_accounts":{"twitter_130435642_130435642":""},"rop_publish_now_history":[],"rop_publish_now_status":"pending","footnotes":""},"categories":[68],"tags":[142,143],"class_list":["post-268","post","type-post","status-publish","format-standard","has-post-thumbnail","hentry","category-europa","tag-capodanno","tag-portogallo"],"yoast_head":"<!-- This site is optimized with the Yoast SEO plugin v27.4 - https:\/\/yoast.com\/product\/yoast-seo-wordpress\/ -->\n<title>Capodanno 2025 a Madeira - Gratis.it<\/title>\n<meta name=\"description\" content=\"Trascorri il Capodanno a Madeira: tra fuochi d\u2019artificio, tradizioni locali e il famoso vino di Madeira, un modo unico per accogliere il nuovo anno.\" \/>\n<meta name=\"robots\" content=\"index, follow, max-snippet:-1, max-image-preview:large, max-video-preview:-1\" \/>\n<link rel=\"canonical\" href=\"https:\/\/www.gratis.it\/news\/capodanno-a-madeira\/\" \/>\n<meta property=\"og:locale\" content=\"it_IT\" \/>\n<meta property=\"og:type\" content=\"article\" \/>\n<meta property=\"og:title\" content=\"Capodanno 2025 a Madeira - Gratis.it\" \/>\n<meta property=\"og:description\" content=\"Trascorri il Capodanno a Madeira: tra fuochi d\u2019artificio, tradizioni locali e il famoso vino di Madeira, un modo unico per accogliere il nuovo anno.\" \/>\n<meta property=\"og:url\" content=\"https:\/\/www.gratis.it\/news\/capodanno-a-madeira\/\" \/>\n<meta property=\"og:site_name\" content=\"Gratis.it\" \/>\n<meta property=\"article:publisher\" content=\"https:\/\/www.facebook.com\/gratis.it\" \/>\n<meta property=\"article:published_time\" content=\"2025-10-18T09:55:03+00:00\" \/>\n<meta property=\"og:image\" content=\"https:\/\/www.gratis.it\/news\/wp-content\/uploads\/madeira.jpg\" \/>\n\t<meta property=\"og:image:width\" content=\"1280\" \/>\n\t<meta property=\"og:image:height\" content=\"853\" \/>\n\t<meta property=\"og:image:type\" content=\"image\/jpeg\" \/>\n<meta name=\"author\" content=\"Nicoletta A.\" \/>\n<meta name=\"twitter:card\" content=\"summary_large_image\" \/>\n<meta name=\"twitter:creator\" content=\"@gratisit\" \/>\n<meta name=\"twitter:site\" content=\"@gratisit\" \/>\n<meta name=\"twitter:label1\" content=\"Scritto da\" \/>\n\t<meta name=\"twitter:data1\" content=\"Nicoletta A.\" \/>\n\t<meta name=\"twitter:label2\" content=\"Tempo di lettura stimato\" \/>\n\t<meta name=\"twitter:data2\" content=\"4 minuti\" \/>\n<script type=\"application\/ld+json\" class=\"yoast-schema-graph\">{\"@context\":\"https:\\\/\\\/schema.org\",\"@graph\":[{\"@type\":\"Article\",\"@id\":\"https:\\\/\\\/www.gratis.it\\\/news\\\/capodanno-a-madeira\\\/#article\",\"isPartOf\":{\"@id\":\"https:\\\/\\\/www.gratis.it\\\/news\\\/capodanno-a-madeira\\\/\"},\"author\":{\"name\":\"Nicoletta A.\",\"@id\":\"https:\\\/\\\/www.gratis.it\\\/news\\\/#\\\/schema\\\/person\\\/1c14d8332c4f04b3eea546f08ef7ab85\"},\"headline\":\"Capodanno 2025 a Madeira\",\"datePublished\":\"2025-10-18T09:55:03+00:00\",\"mainEntityOfPage\":{\"@id\":\"https:\\\/\\\/www.gratis.it\\\/news\\\/capodanno-a-madeira\\\/\"},\"wordCount\":465,\"commentCount\":0,\"publisher\":{\"@id\":\"https:\\\/\\\/www.gratis.it\\\/news\\\/#organization\"},\"image\":{\"@id\":\"https:\\\/\\\/www.gratis.it\\\/news\\\/capodanno-a-madeira\\\/#primaryimage\"},\"thumbnailUrl\":\"https:\\\/\\\/www.gratis.it\\\/news\\\/wp-content\\\/uploads\\\/madeira.jpg\",\"keywords\":[\"capodanno\",\"Portogallo\"],\"articleSection\":[\"Europa\"],\"inLanguage\":\"it-IT\",\"potentialAction\":[{\"@type\":\"CommentAction\",\"name\":\"Comment\",\"target\":[\"https:\\\/\\\/www.gratis.it\\\/news\\\/capodanno-a-madeira\\\/#respond\"]}]},{\"@type\":\"WebPage\",\"@id\":\"https:\\\/\\\/www.gratis.it\\\/news\\\/capodanno-a-madeira\\\/\",\"url\":\"https:\\\/\\\/www.gratis.it\\\/news\\\/capodanno-a-madeira\\\/\",\"name\":\"Capodanno 2025 a Madeira - Gratis.it\",\"isPartOf\":{\"@id\":\"https:\\\/\\\/www.gratis.it\\\/news\\\/#website\"},\"primaryImageOfPage\":{\"@id\":\"https:\\\/\\\/www.gratis.it\\\/news\\\/capodanno-a-madeira\\\/#primaryimage\"},\"image\":{\"@id\":\"https:\\\/\\\/www.gratis.it\\\/news\\\/capodanno-a-madeira\\\/#primaryimage\"},\"thumbnailUrl\":\"https:\\\/\\\/www.gratis.it\\\/news\\\/wp-content\\\/uploads\\\/madeira.jpg\",\"datePublished\":\"2025-10-18T09:55:03+00:00\",\"description\":\"Trascorri il Capodanno a Madeira: tra fuochi d\u2019artificio, tradizioni locali e il famoso vino di Madeira, un modo unico per accogliere il nuovo anno.\",\"breadcrumb\":{\"@id\":\"https:\\\/\\\/www.gratis.it\\\/news\\\/capodanno-a-madeira\\\/#breadcrumb\"},\"inLanguage\":\"it-IT\",\"potentialAction\":[{\"@type\":\"ReadAction\",\"target\":[\"https:\\\/\\\/www.gratis.it\\\/news\\\/capodanno-a-madeira\\\/\"]}]},{\"@type\":\"ImageObject\",\"inLanguage\":\"it-IT\",\"@id\":\"https:\\\/\\\/www.gratis.it\\\/news\\\/capodanno-a-madeira\\\/#primaryimage\",\"url\":\"https:\\\/\\\/www.gratis.it\\\/news\\\/wp-content\\\/uploads\\\/madeira.jpg\",\"contentUrl\":\"https:\\\/\\\/www.gratis.it\\\/news\\\/wp-content\\\/uploads\\\/madeira.jpg\",\"width\":1280,\"height\":853,\"caption\":\"madeira\"},{\"@type\":\"BreadcrumbList\",\"@id\":\"https:\\\/\\\/www.gratis.it\\\/news\\\/capodanno-a-madeira\\\/#breadcrumb\",\"itemListElement\":[{\"@type\":\"ListItem\",\"position\":1,\"name\":\"Home\",\"item\":\"https:\\\/\\\/www.gratis.it\\\/news\\\/\"},{\"@type\":\"ListItem\",\"position\":2,\"name\":\"Capodanno 2025 a Madeira\"}]},{\"@type\":\"WebSite\",\"@id\":\"https:\\\/\\\/www.gratis.it\\\/news\\\/#website\",\"url\":\"https:\\\/\\\/www.gratis.it\\\/news\\\/\",\"name\":\"Gratis.it\",\"description\":\"Gratis.it Magazine: solo notizie interessanti\",\"publisher\":{\"@id\":\"https:\\\/\\\/www.gratis.it\\\/news\\\/#organization\"},\"potentialAction\":[{\"@type\":\"SearchAction\",\"target\":{\"@type\":\"EntryPoint\",\"urlTemplate\":\"https:\\\/\\\/www.gratis.it\\\/news\\\/?s={search_term_string}\"},\"query-input\":{\"@type\":\"PropertyValueSpecification\",\"valueRequired\":true,\"valueName\":\"search_term_string\"}}],\"inLanguage\":\"it-IT\"},{\"@type\":\"Organization\",\"@id\":\"https:\\\/\\\/www.gratis.it\\\/news\\\/#organization\",\"name\":\"Gratis.it\",\"url\":\"https:\\\/\\\/www.gratis.it\\\/news\\\/\",\"logo\":{\"@type\":\"ImageObject\",\"inLanguage\":\"it-IT\",\"@id\":\"https:\\\/\\\/www.gratis.it\\\/news\\\/#\\\/schema\\\/logo\\\/image\\\/\",\"url\":\"https:\\\/\\\/www.gratis.it\\\/news\\\/wp-content\\\/uploads\\\/2025\\\/05\\\/logo_gratis_72dpi.jpg\",\"contentUrl\":\"https:\\\/\\\/www.gratis.it\\\/news\\\/wp-content\\\/uploads\\\/2025\\\/05\\\/logo_gratis_72dpi.jpg\",\"width\":198,\"height\":71,\"caption\":\"Gratis.it\"},\"image\":{\"@id\":\"https:\\\/\\\/www.gratis.it\\\/news\\\/#\\\/schema\\\/logo\\\/image\\\/\"},\"sameAs\":[\"https:\\\/\\\/www.facebook.com\\\/gratis.it\",\"https:\\\/\\\/x.com\\\/gratisit\"]},{\"@type\":\"Person\",\"@id\":\"https:\\\/\\\/www.gratis.it\\\/news\\\/#\\\/schema\\\/person\\\/1c14d8332c4f04b3eea546f08ef7ab85\",\"name\":\"Nicoletta A.\",\"image\":{\"@type\":\"ImageObject\",\"inLanguage\":\"it-IT\",\"@id\":\"https:\\\/\\\/secure.gravatar.com\\\/avatar\\\/0175d06db11eb321cd820ef951cc429acb4e6baa623d23df92c8356d0272a31d?s=96&d=mm&r=g\",\"url\":\"https:\\\/\\\/secure.gravatar.com\\\/avatar\\\/0175d06db11eb321cd820ef951cc429acb4e6baa623d23df92c8356d0272a31d?s=96&d=mm&r=g\",\"contentUrl\":\"https:\\\/\\\/secure.gravatar.com\\\/avatar\\\/0175d06db11eb321cd820ef951cc429acb4e6baa623d23df92c8356d0272a31d?s=96&d=mm&r=g\",\"caption\":\"Nicoletta A.\"},\"description\":\"Nicoletta \u00e8 una traduttrice professionista, esperta in localizzazione, post-editing, copywriting. Le sue aree di specializzazione includono saggistica, psicologia, teologia, finanza, ambiente, ecologia, cucina, turismo, giardinaggio, letteratura e creazione di glossari. Per molti anni \u00e8 stata caporedattrice del nostro progetto editoriale.\",\"url\":\"https:\\\/\\\/www.gratis.it\\\/news\\\/author\\\/nicoletta\\\/\"}]}<\/script>\n<!-- \/ Yoast SEO plugin. -->","yoast_head_json":{"title":"Capodanno 2025 a Madeira - Gratis.it","description":"Trascorri il Capodanno a Madeira: tra fuochi d\u2019artificio, tradizioni locali e il famoso vino di Madeira, un modo unico per accogliere il nuovo anno.","robots":{"index":"index","follow":"follow","max-snippet":"max-snippet:-1","max-image-preview":"max-image-preview:large","max-video-preview":"max-video-preview:-1"},"canonical":"https:\/\/www.gratis.it\/news\/capodanno-a-madeira\/","og_locale":"it_IT","og_type":"article","og_title":"Capodanno 2025 a Madeira - Gratis.it","og_description":"Trascorri il Capodanno a Madeira: tra fuochi d\u2019artificio, tradizioni locali e il famoso vino di Madeira, un modo unico per accogliere il nuovo anno.","og_url":"https:\/\/www.gratis.it\/news\/capodanno-a-madeira\/","og_site_name":"Gratis.it","article_publisher":"https:\/\/www.facebook.com\/gratis.it","article_published_time":"2025-10-18T09:55:03+00:00","og_image":[{"width":1280,"height":853,"url":"https:\/\/www.gratis.it\/news\/wp-content\/uploads\/madeira.jpg","type":"image\/jpeg"}],"author":"Nicoletta A.","twitter_card":"summary_large_image","twitter_creator":"@gratisit","twitter_site":"@gratisit","twitter_misc":{"Scritto da":"Nicoletta A.","Tempo di lettura stimato":"4 minuti"},"schema":{"@context":"https:\/\/schema.org","@graph":[{"@type":"Article","@id":"https:\/\/www.gratis.it\/news\/capodanno-a-madeira\/#article","isPartOf":{"@id":"https:\/\/www.gratis.it\/news\/capodanno-a-madeira\/"},"author":{"name":"Nicoletta A.","@id":"https:\/\/www.gratis.it\/news\/#\/schema\/person\/1c14d8332c4f04b3eea546f08ef7ab85"},"headline":"Capodanno 2025 a Madeira","datePublished":"2025-10-18T09:55:03+00:00","mainEntityOfPage":{"@id":"https:\/\/www.gratis.it\/news\/capodanno-a-madeira\/"},"wordCount":465,"commentCount":0,"publisher":{"@id":"https:\/\/www.gratis.it\/news\/#organization"},"image":{"@id":"https:\/\/www.gratis.it\/news\/capodanno-a-madeira\/#primaryimage"},"thumbnailUrl":"https:\/\/www.gratis.it\/news\/wp-content\/uploads\/madeira.jpg","keywords":["capodanno","Portogallo"],"articleSection":["Europa"],"inLanguage":"it-IT","potentialAction":[{"@type":"CommentAction","name":"Comment","target":["https:\/\/www.gratis.it\/news\/capodanno-a-madeira\/#respond"]}]},{"@type":"WebPage","@id":"https:\/\/www.gratis.it\/news\/capodanno-a-madeira\/","url":"https:\/\/www.gratis.it\/news\/capodanno-a-madeira\/","name":"Capodanno 2025 a Madeira - Gratis.it","isPartOf":{"@id":"https:\/\/www.gratis.it\/news\/#website"},"primaryImageOfPage":{"@id":"https:\/\/www.gratis.it\/news\/capodanno-a-madeira\/#primaryimage"},"image":{"@id":"https:\/\/www.gratis.it\/news\/capodanno-a-madeira\/#primaryimage"},"thumbnailUrl":"https:\/\/www.gratis.it\/news\/wp-content\/uploads\/madeira.jpg","datePublished":"2025-10-18T09:55:03+00:00","description":"Trascorri il Capodanno a Madeira: tra fuochi d\u2019artificio, tradizioni locali e il famoso vino di Madeira, un modo unico per accogliere il nuovo anno.","breadcrumb":{"@id":"https:\/\/www.gratis.it\/news\/capodanno-a-madeira\/#breadcrumb"},"inLanguage":"it-IT","potentialAction":[{"@type":"ReadAction","target":["https:\/\/www.gratis.it\/news\/capodanno-a-madeira\/"]}]},{"@type":"ImageObject","inLanguage":"it-IT","@id":"https:\/\/www.gratis.it\/news\/capodanno-a-madeira\/#primaryimage","url":"https:\/\/www.gratis.it\/news\/wp-content\/uploads\/madeira.jpg","contentUrl":"https:\/\/www.gratis.it\/news\/wp-content\/uploads\/madeira.jpg","width":1280,"height":853,"caption":"madeira"},{"@type":"BreadcrumbList","@id":"https:\/\/www.gratis.it\/news\/capodanno-a-madeira\/#breadcrumb","itemListElement":[{"@type":"ListItem","position":1,"name":"Home","item":"https:\/\/www.gratis.it\/news\/"},{"@type":"ListItem","position":2,"name":"Capodanno 2025 a Madeira"}]},{"@type":"WebSite","@id":"https:\/\/www.gratis.it\/news\/#website","url":"https:\/\/www.gratis.it\/news\/","name":"Gratis.it","description":"Gratis.it Magazine: solo notizie interessanti","publisher":{"@id":"https:\/\/www.gratis.it\/news\/#organization"},"potentialAction":[{"@type":"SearchAction","target":{"@type":"EntryPoint","urlTemplate":"https:\/\/www.gratis.it\/news\/?s={search_term_string}"},"query-input":{"@type":"PropertyValueSpecification","valueRequired":true,"valueName":"search_term_string"}}],"inLanguage":"it-IT"},{"@type":"Organization","@id":"https:\/\/www.gratis.it\/news\/#organization","name":"Gratis.it","url":"https:\/\/www.gratis.it\/news\/","logo":{"@type":"ImageObject","inLanguage":"it-IT","@id":"https:\/\/www.gratis.it\/news\/#\/schema\/logo\/image\/","url":"https:\/\/www.gratis.it\/news\/wp-content\/uploads\/2025\/05\/logo_gratis_72dpi.jpg","contentUrl":"https:\/\/www.gratis.it\/news\/wp-content\/uploads\/2025\/05\/logo_gratis_72dpi.jpg","width":198,"height":71,"caption":"Gratis.it"},"image":{"@id":"https:\/\/www.gratis.it\/news\/#\/schema\/logo\/image\/"},"sameAs":["https:\/\/www.facebook.com\/gratis.it","https:\/\/x.com\/gratisit"]},{"@type":"Person","@id":"https:\/\/www.gratis.it\/news\/#\/schema\/person\/1c14d8332c4f04b3eea546f08ef7ab85","name":"Nicoletta A.","image":{"@type":"ImageObject","inLanguage":"it-IT","@id":"https:\/\/secure.gravatar.com\/avatar\/0175d06db11eb321cd820ef951cc429acb4e6baa623d23df92c8356d0272a31d?s=96&d=mm&r=g","url":"https:\/\/secure.gravatar.com\/avatar\/0175d06db11eb321cd820ef951cc429acb4e6baa623d23df92c8356d0272a31d?s=96&d=mm&r=g","contentUrl":"https:\/\/secure.gravatar.com\/avatar\/0175d06db11eb321cd820ef951cc429acb4e6baa623d23df92c8356d0272a31d?s=96&d=mm&r=g","caption":"Nicoletta A."},"description":"Nicoletta \u00e8 una traduttrice professionista, esperta in localizzazione, post-editing, copywriting. Le sue aree di specializzazione includono saggistica, psicologia, teologia, finanza, ambiente, ecologia, cucina, turismo, giardinaggio, letteratura e creazione di glossari. Per molti anni \u00e8 stata caporedattrice del nostro progetto editoriale.","url":"https:\/\/www.gratis.it\/news\/author\/nicoletta\/"}]}},"_links":{"self":[{"href":"https:\/\/www.gratis.it\/news\/wp-json\/wp\/v2\/posts\/268","targetHints":{"allow":["GET"]}}],"collection":[{"href":"https:\/\/www.gratis.it\/news\/wp-json\/wp\/v2\/posts"}],"about":[{"href":"https:\/\/www.gratis.it\/news\/wp-json\/wp\/v2\/types\/post"}],"author":[{"embeddable":true,"href":"https:\/\/www.gratis.it\/news\/wp-json\/wp\/v2\/users\/4"}],"replies":[{"embeddable":true,"href":"https:\/\/www.gratis.it\/news\/wp-json\/wp\/v2\/comments?post=268"}],"version-history":[{"count":1,"href":"https:\/\/www.gratis.it\/news\/wp-json\/wp\/v2\/posts\/268\/revisions"}],"predecessor-version":[{"id":24980,"href":"https:\/\/www.gratis.it\/news\/wp-json\/wp\/v2\/posts\/268\/revisions\/24980"}],"wp:featuredmedia":[{"embeddable":true,"href":"https:\/\/www.gratis.it\/news\/wp-json\/wp\/v2\/media\/24575"}],"wp:attachment":[{"href":"https:\/\/www.gratis.it\/news\/wp-json\/wp\/v2\/media?parent=268"}],"wp:term":[{"taxonomy":"category","embeddable":true,"href":"https:\/\/www.gratis.it\/news\/wp-json\/wp\/v2\/categories?post=268"},{"taxonomy":"post_tag","embeddable":true,"href":"https:\/\/www.gratis.it\/news\/wp-json\/wp\/v2\/tags?post=268"}],"curies":[{"name":"wp","href":"https:\/\/api.w.org\/{rel}","templated":true}]}}