{"id":25684,"date":"2026-04-28T08:08:00","date_gmt":"2026-04-28T06:08:00","guid":{"rendered":"https:\/\/www.gratis.it\/news\/?p=25684"},"modified":"2026-04-22T15:16:42","modified_gmt":"2026-04-22T13:16:42","slug":"roma-itinerari-per-festa-repubblica","status":"publish","type":"post","link":"https:\/\/www.gratis.it\/news\/roma-itinerari-per-festa-repubblica\/","title":{"rendered":"Roma e il ponte del 2 giugno: eventi e itinerari per la Festa della Repubblica"},"content":{"rendered":"<div class=\"wp-block-image\">\n<figure class=\"alignleft size-full is-resized\"><img loading=\"lazy\" decoding=\"async\" width=\"800\" height=\"511\" src=\"https:\/\/www.gratis.it\/news\/wp-content\/uploads\/roma-festa-repubblica.jpg\" alt=\"roma festa repubblica\" class=\"wp-image-25685\" style=\"aspect-ratio:1.5655719139297848;width:450px;height:auto\" srcset=\"https:\/\/www.gratis.it\/news\/wp-content\/uploads\/roma-festa-repubblica.jpg 800w, https:\/\/www.gratis.it\/news\/wp-content\/uploads\/roma-festa-repubblica-300x192.jpg 300w, https:\/\/www.gratis.it\/news\/wp-content\/uploads\/roma-festa-repubblica-768x491.jpg 768w\" sizes=\"auto, (max-width: 800px) 100vw, 800px\" \/><\/figure>\n<\/div>\n\n\n<p>Roma, in primavera inoltrata, si presenta sotto una luce smagliante, pronta a celebrare una delle ricorrenze pi\u00f9 significative del calendario civile nazionale. La <strong>Festa della Repubblica<\/strong> trasforma la Capitale in un <strong>palcoscenico a cielo aperto<\/strong>, dove la solennit\u00e0 delle istituzioni si fonde con il desiderio di svago di migliaia di visitatori che approfittano del ponte per <strong>scoprire le meraviglie della<\/strong> <strong>Citt\u00e0 Eterna<\/strong>. Tuttavia, prima di procedere con l\u2019esplorazione occorre prestare attenzione all\u2019organizzazione generale, cos\u00ec da ottimizzare il tempo a disposizione.<\/p>\n\n\n\n<h2 class=\"wp-block-heading\">Organizzazione della logistica<\/h2>\n\n\n\n<p>Organizzare un soggiorno in questo periodo richiede una gestione accurata della logistica, specialmente in considerazione delle numerose chiusure al traffico e della grande affluenza prevista nelle aree monumentali. Capita spesso che l&#8217;orario del volo o del treno non coincida perfettamente con la disponibilit\u00e0 delle strutture ricettive; in queste circostanze, per non sprecare ore preziose, risulta fondamentale usufruire di un <a href=\"https:\/\/radicalstorage.com\/it\/deposito-bagagli\/roma\" target=\"_blank\" rel=\"noreferrer noopener\">deposito bagagli a Roma<\/a>.<\/p>\n\n\n\n<p>Poter esplorare i <strong>Fori Imperiali<\/strong> o assistere alle parate senza il peso delle valigie permette di muoversi con la necessaria agilit\u00e0 tra le folle e i blocchi stradali. Per rispondere a questa esigenza, il servizio offerto da <strong>Radical Storage<\/strong> rappresenta una soluzione estremamente valida. Attraverso il sito ufficiale, \u00e8 possibile prenotare la custodia dei propri averi in pochi secondi a una tariffa fissa giornaliera, garantendosi la libert\u00e0 di godersi gli eventi istituzionali e le mostre cittadine in totale spensieratezza. Una volta sistemata la questione pratica, l\u2019itinerario romano pu\u00f2 procedere verso i luoghi simbolo delle celebrazioni, garantendo un\u2019immersione totale nella storia e nella cultura italiana.<\/p>\n\n\n\n<h2 class=\"wp-block-heading\">Le celebrazioni istituzionali e il fascino dei Fori Imperiali<\/h2>\n\n\n\n<p>Il fulcro del 2 giugno \u00e8 indubbiamente la <strong>parata militare lungo via dei<\/strong> <strong>Fori Imperiali<\/strong>, un evento di grande impatto visivo che vede sfilare le diverse componenti delle Forze Armate e dei corpi dello Stato sotto lo sguardo delle pi\u00f9 alte cariche istituzionali. La mattinata inizia solitamente con <strong>l\u2019omaggio del Presidente della Repubblica all&#8217;Altare della Patria<\/strong>, un momento di profonda solennit\u00e0 scandito dal sorvolo delle <strong>Frecce Tricolori<\/strong>, che tingono il cielo di Roma con i colori della bandiera nazionale. Partecipare a questa manifestazione richiede di <strong>posizionarsi con largo anticipo<\/strong> lungo il percorso per assicurarsi una buona visuale, ma la fatica viene ampiamente ripagata dalla bellezza dello scenario archeologico che fa da cornice all&#8217;evento. Nel pomeriggio, una tradizione molto amata \u00e8 l&#8217;apertura al pubblico dei giardini del <strong>Palazzo del Quirinale<\/strong>, dove \u00e8 possibile passeggiare tra fontane monumentali e viali alberati godendo di una delle viste pi\u00f9 spettacolari sulla citt\u00e0.<\/p>\n\n\n\n<h2 class=\"wp-block-heading\">Itinerari tra arte, cultura e aperture straordinarie<\/h2>\n\n\n\n<p>Il ponte del 2 giugno rappresenta anche l&#8217;occasione ideale per approfondire la conoscenza del patrimonio museale romano, che in questa data offre spesso aperture straordinarie o iniziative tematiche. I <strong>Musei Capitolini<\/strong>, l&#8217;<strong>Ara Pacis<\/strong> e i <strong>Mercati di Traiano<\/strong> rappresentano tappe obbligatorie per chi desidera respirare la grandezza dell&#8217;antichit\u00e0, mentre la <strong>Galleria Nazionale d\u2019Arte Moderna<\/strong> propone percorsi dedicati alla storia dell&#8217;arte italiana pi\u00f9 recente. Una passeggiata nel quartiere di <strong>Trastevere<\/strong> o a <strong>Testaccio<\/strong> permette inoltre di scoprire una Roma pi\u00f9 verace e meno formale, dove le botteghe artigiane e i piccoli musei rionali raccontano la stratificazione sociale e culturale di una metropoli in perenne evoluzione.<\/p>\n\n\n\n<h2 class=\"wp-block-heading\">Relax e scampagnate tra i parchi monumentali<\/h2>\n\n\n\n<p>Con l\u2019arrivo del primo vero caldo estivo, i grandi parchi di Roma diventano il rifugio prediletto per chi cerca un momento di refrigerio e tranquillit\u00e0. <strong>Villa Borghese<\/strong>, con il suo mix perfetto di arte e natura, offre la possibilit\u00e0 di noleggiare una barca a remi sul laghetto o di esplorare i sentieri in bicicletta, mentre <strong>Villa Ada<\/strong> e <strong>Villa Pamphili<\/strong> si prestano magnificamente per un picnic o una semplice passeggiata tra i pini domestici. Un&#8217;alternativa di grande fascino \u00e8 rappresentata dall\u2019<strong>Appia Antica<\/strong>, dove \u00e8 possibile camminare sull&#8217;antico basolato romano circondati da mausolei e catacombe immerse nel verde della campagna romana.<\/p>\n<div style=\"margin-top: 0px; margin-bottom: 0px;\" class=\"sharethis-inline-share-buttons\" ><\/div>","protected":false},"excerpt":{"rendered":"<p>Roma, in primavera inoltrata, si presenta sotto una luce smagliante, pronta a celebrare una delle ricorrenze pi\u00f9 significative del calendario civile nazionale. La Festa della Repubblica trasforma la Capitale in un palcoscenico a cielo aperto, dove la solennit\u00e0 delle istituzioni si fonde&hellip;<\/p>\n","protected":false},"author":3,"featured_media":25685,"comment_status":"open","ping_status":"closed","sticky":false,"template":"","format":"standard","meta":{"rop_custom_images_group":[],"rop_custom_messages_group":[],"rop_publish_now":"no","rop_publish_now_accounts":{"twitter_130435642_130435642":""},"rop_publish_now_history":[{"account":"twitter_130435642_130435642","service":"twitter","timestamp":1777356787,"status":"success"}],"rop_publish_now_status":"done","footnotes":""},"categories":[36,22],"tags":[],"class_list":["post-25684","post","type-post","status-publish","format-standard","has-post-thumbnail","hentry","category-danonperdere","category-viaggi"],"yoast_head":"<!-- This site is optimized with the Yoast SEO plugin v27.4 - https:\/\/yoast.com\/product\/yoast-seo-wordpress\/ -->\n<title>Roma eventi e itinerari per la festa della Ropubblica<\/title>\n<meta name=\"description\" content=\"Roma, in primavera inoltrata, si presenta sotto una luce smagliante, pronta a celebrare una delle ricorrenze pi\u00f9 significative.\" \/>\n<meta name=\"robots\" content=\"index, follow, max-snippet:-1, max-image-preview:large, max-video-preview:-1\" \/>\n<link rel=\"canonical\" href=\"https:\/\/www.gratis.it\/news\/roma-itinerari-per-festa-repubblica\/\" \/>\n<meta property=\"og:locale\" content=\"it_IT\" \/>\n<meta property=\"og:type\" content=\"article\" \/>\n<meta property=\"og:title\" content=\"Roma eventi e itinerari per la festa della Ropubblica\" \/>\n<meta property=\"og:description\" content=\"Roma, in primavera inoltrata, si presenta sotto una luce smagliante, pronta a celebrare una delle ricorrenze pi\u00f9 significative.\" \/>\n<meta property=\"og:url\" content=\"https:\/\/www.gratis.it\/news\/roma-itinerari-per-festa-repubblica\/\" \/>\n<meta property=\"og:site_name\" content=\"Gratis.it\" \/>\n<meta property=\"article:publisher\" content=\"https:\/\/www.facebook.com\/gratis.it\" \/>\n<meta property=\"article:published_time\" content=\"2026-04-28T06:08:00+00:00\" \/>\n<meta property=\"og:image\" content=\"https:\/\/www.gratis.it\/news\/wp-content\/uploads\/roma-festa-repubblica.jpg\" \/>\n\t<meta property=\"og:image:width\" content=\"800\" \/>\n\t<meta property=\"og:image:height\" content=\"511\" \/>\n\t<meta property=\"og:image:type\" content=\"image\/jpeg\" \/>\n<meta name=\"author\" content=\"Daniele Grattieri\" \/>\n<meta name=\"twitter:card\" content=\"summary_large_image\" \/>\n<meta name=\"twitter:creator\" content=\"@gratisit\" \/>\n<meta name=\"twitter:site\" content=\"@gratisit\" \/>\n<meta name=\"twitter:label1\" content=\"Scritto da\" \/>\n\t<meta name=\"twitter:data1\" content=\"Daniele Grattieri\" \/>\n\t<meta name=\"twitter:label2\" content=\"Tempo di lettura stimato\" \/>\n\t<meta name=\"twitter:data2\" content=\"4 minuti\" \/>\n<script type=\"application\/ld+json\" class=\"yoast-schema-graph\">{\"@context\":\"https:\\\/\\\/schema.org\",\"@graph\":[{\"@type\":\"Article\",\"@id\":\"https:\\\/\\\/www.gratis.it\\\/news\\\/roma-itinerari-per-festa-repubblica\\\/#article\",\"isPartOf\":{\"@id\":\"https:\\\/\\\/www.gratis.it\\\/news\\\/roma-itinerari-per-festa-repubblica\\\/\"},\"author\":{\"name\":\"Daniele Grattieri\",\"@id\":\"https:\\\/\\\/www.gratis.it\\\/news\\\/#\\\/schema\\\/person\\\/1f9a8499983342af95672dd250153b4c\"},\"headline\":\"Roma e il ponte del 2 giugno: eventi e itinerari per la Festa della Repubblica\",\"datePublished\":\"2026-04-28T06:08:00+00:00\",\"mainEntityOfPage\":{\"@id\":\"https:\\\/\\\/www.gratis.it\\\/news\\\/roma-itinerari-per-festa-repubblica\\\/\"},\"wordCount\":639,\"commentCount\":0,\"publisher\":{\"@id\":\"https:\\\/\\\/www.gratis.it\\\/news\\\/#organization\"},\"image\":{\"@id\":\"https:\\\/\\\/www.gratis.it\\\/news\\\/roma-itinerari-per-festa-repubblica\\\/#primaryimage\"},\"thumbnailUrl\":\"https:\\\/\\\/www.gratis.it\\\/news\\\/wp-content\\\/uploads\\\/roma-festa-repubblica.jpg\",\"articleSection\":[\"Da non perdere\",\"Viaggi\"],\"inLanguage\":\"it-IT\",\"potentialAction\":[{\"@type\":\"CommentAction\",\"name\":\"Comment\",\"target\":[\"https:\\\/\\\/www.gratis.it\\\/news\\\/roma-itinerari-per-festa-repubblica\\\/#respond\"]}]},{\"@type\":\"WebPage\",\"@id\":\"https:\\\/\\\/www.gratis.it\\\/news\\\/roma-itinerari-per-festa-repubblica\\\/\",\"url\":\"https:\\\/\\\/www.gratis.it\\\/news\\\/roma-itinerari-per-festa-repubblica\\\/\",\"name\":\"Roma eventi e itinerari per la festa della Ropubblica\",\"isPartOf\":{\"@id\":\"https:\\\/\\\/www.gratis.it\\\/news\\\/#website\"},\"primaryImageOfPage\":{\"@id\":\"https:\\\/\\\/www.gratis.it\\\/news\\\/roma-itinerari-per-festa-repubblica\\\/#primaryimage\"},\"image\":{\"@id\":\"https:\\\/\\\/www.gratis.it\\\/news\\\/roma-itinerari-per-festa-repubblica\\\/#primaryimage\"},\"thumbnailUrl\":\"https:\\\/\\\/www.gratis.it\\\/news\\\/wp-content\\\/uploads\\\/roma-festa-repubblica.jpg\",\"datePublished\":\"2026-04-28T06:08:00+00:00\",\"description\":\"Roma, in primavera inoltrata, si presenta sotto una luce smagliante, pronta a celebrare una delle ricorrenze pi\u00f9 significative.\",\"breadcrumb\":{\"@id\":\"https:\\\/\\\/www.gratis.it\\\/news\\\/roma-itinerari-per-festa-repubblica\\\/#breadcrumb\"},\"inLanguage\":\"it-IT\",\"potentialAction\":[{\"@type\":\"ReadAction\",\"target\":[\"https:\\\/\\\/www.gratis.it\\\/news\\\/roma-itinerari-per-festa-repubblica\\\/\"]}]},{\"@type\":\"ImageObject\",\"inLanguage\":\"it-IT\",\"@id\":\"https:\\\/\\\/www.gratis.it\\\/news\\\/roma-itinerari-per-festa-repubblica\\\/#primaryimage\",\"url\":\"https:\\\/\\\/www.gratis.it\\\/news\\\/wp-content\\\/uploads\\\/roma-festa-repubblica.jpg\",\"contentUrl\":\"https:\\\/\\\/www.gratis.it\\\/news\\\/wp-content\\\/uploads\\\/roma-festa-repubblica.jpg\",\"width\":800,\"height\":511},{\"@type\":\"BreadcrumbList\",\"@id\":\"https:\\\/\\\/www.gratis.it\\\/news\\\/roma-itinerari-per-festa-repubblica\\\/#breadcrumb\",\"itemListElement\":[{\"@type\":\"ListItem\",\"position\":1,\"name\":\"Home\",\"item\":\"https:\\\/\\\/www.gratis.it\\\/news\\\/\"},{\"@type\":\"ListItem\",\"position\":2,\"name\":\"Roma e il ponte del 2 giugno: eventi e itinerari per la Festa della Repubblica\"}]},{\"@type\":\"WebSite\",\"@id\":\"https:\\\/\\\/www.gratis.it\\\/news\\\/#website\",\"url\":\"https:\\\/\\\/www.gratis.it\\\/news\\\/\",\"name\":\"Gratis.it\",\"description\":\"Gratis.it Magazine: solo notizie interessanti\",\"publisher\":{\"@id\":\"https:\\\/\\\/www.gratis.it\\\/news\\\/#organization\"},\"potentialAction\":[{\"@type\":\"SearchAction\",\"target\":{\"@type\":\"EntryPoint\",\"urlTemplate\":\"https:\\\/\\\/www.gratis.it\\\/news\\\/?s={search_term_string}\"},\"query-input\":{\"@type\":\"PropertyValueSpecification\",\"valueRequired\":true,\"valueName\":\"search_term_string\"}}],\"inLanguage\":\"it-IT\"},{\"@type\":\"Organization\",\"@id\":\"https:\\\/\\\/www.gratis.it\\\/news\\\/#organization\",\"name\":\"Gratis.it\",\"url\":\"https:\\\/\\\/www.gratis.it\\\/news\\\/\",\"logo\":{\"@type\":\"ImageObject\",\"inLanguage\":\"it-IT\",\"@id\":\"https:\\\/\\\/www.gratis.it\\\/news\\\/#\\\/schema\\\/logo\\\/image\\\/\",\"url\":\"https:\\\/\\\/www.gratis.it\\\/news\\\/wp-content\\\/uploads\\\/2025\\\/05\\\/logo_gratis_72dpi.jpg\",\"contentUrl\":\"https:\\\/\\\/www.gratis.it\\\/news\\\/wp-content\\\/uploads\\\/2025\\\/05\\\/logo_gratis_72dpi.jpg\",\"width\":198,\"height\":71,\"caption\":\"Gratis.it\"},\"image\":{\"@id\":\"https:\\\/\\\/www.gratis.it\\\/news\\\/#\\\/schema\\\/logo\\\/image\\\/\"},\"sameAs\":[\"https:\\\/\\\/www.facebook.com\\\/gratis.it\",\"https:\\\/\\\/x.com\\\/gratisit\"]},{\"@type\":\"Person\",\"@id\":\"https:\\\/\\\/www.gratis.it\\\/news\\\/#\\\/schema\\\/person\\\/1f9a8499983342af95672dd250153b4c\",\"name\":\"Daniele Grattieri\",\"image\":{\"@type\":\"ImageObject\",\"inLanguage\":\"it-IT\",\"@id\":\"https:\\\/\\\/secure.gravatar.com\\\/avatar\\\/286b73e7a4e34cf710114f1850b1c195e583ea0088528f910c485c6e6cb0aef9?s=96&d=mm&r=g\",\"url\":\"https:\\\/\\\/secure.gravatar.com\\\/avatar\\\/286b73e7a4e34cf710114f1850b1c195e583ea0088528f910c485c6e6cb0aef9?s=96&d=mm&r=g\",\"contentUrl\":\"https:\\\/\\\/secure.gravatar.com\\\/avatar\\\/286b73e7a4e34cf710114f1850b1c195e583ea0088528f910c485c6e6cb0aef9?s=96&d=mm&r=g\",\"caption\":\"Daniele Grattieri\"},\"sameAs\":[\"https:\\\/\\\/www.teknosurf.it\"],\"url\":\"https:\\\/\\\/www.gratis.it\\\/news\\\/author\\\/daniele\\\/\"}]}<\/script>\n<!-- \/ Yoast SEO plugin. -->","yoast_head_json":{"title":"Roma eventi e itinerari per la festa della Ropubblica","description":"Roma, in primavera inoltrata, si presenta sotto una luce smagliante, pronta a celebrare una delle ricorrenze pi\u00f9 significative.","robots":{"index":"index","follow":"follow","max-snippet":"max-snippet:-1","max-image-preview":"max-image-preview:large","max-video-preview":"max-video-preview:-1"},"canonical":"https:\/\/www.gratis.it\/news\/roma-itinerari-per-festa-repubblica\/","og_locale":"it_IT","og_type":"article","og_title":"Roma eventi e itinerari per la festa della Ropubblica","og_description":"Roma, in primavera inoltrata, si presenta sotto una luce smagliante, pronta a celebrare una delle ricorrenze pi\u00f9 significative.","og_url":"https:\/\/www.gratis.it\/news\/roma-itinerari-per-festa-repubblica\/","og_site_name":"Gratis.it","article_publisher":"https:\/\/www.facebook.com\/gratis.it","article_published_time":"2026-04-28T06:08:00+00:00","og_image":[{"width":800,"height":511,"url":"https:\/\/www.gratis.it\/news\/wp-content\/uploads\/roma-festa-repubblica.jpg","type":"image\/jpeg"}],"author":"Daniele Grattieri","twitter_card":"summary_large_image","twitter_creator":"@gratisit","twitter_site":"@gratisit","twitter_misc":{"Scritto da":"Daniele Grattieri","Tempo di lettura stimato":"4 minuti"},"schema":{"@context":"https:\/\/schema.org","@graph":[{"@type":"Article","@id":"https:\/\/www.gratis.it\/news\/roma-itinerari-per-festa-repubblica\/#article","isPartOf":{"@id":"https:\/\/www.gratis.it\/news\/roma-itinerari-per-festa-repubblica\/"},"author":{"name":"Daniele Grattieri","@id":"https:\/\/www.gratis.it\/news\/#\/schema\/person\/1f9a8499983342af95672dd250153b4c"},"headline":"Roma e il ponte del 2 giugno: eventi e itinerari per la Festa della Repubblica","datePublished":"2026-04-28T06:08:00+00:00","mainEntityOfPage":{"@id":"https:\/\/www.gratis.it\/news\/roma-itinerari-per-festa-repubblica\/"},"wordCount":639,"commentCount":0,"publisher":{"@id":"https:\/\/www.gratis.it\/news\/#organization"},"image":{"@id":"https:\/\/www.gratis.it\/news\/roma-itinerari-per-festa-repubblica\/#primaryimage"},"thumbnailUrl":"https:\/\/www.gratis.it\/news\/wp-content\/uploads\/roma-festa-repubblica.jpg","articleSection":["Da non perdere","Viaggi"],"inLanguage":"it-IT","potentialAction":[{"@type":"CommentAction","name":"Comment","target":["https:\/\/www.gratis.it\/news\/roma-itinerari-per-festa-repubblica\/#respond"]}]},{"@type":"WebPage","@id":"https:\/\/www.gratis.it\/news\/roma-itinerari-per-festa-repubblica\/","url":"https:\/\/www.gratis.it\/news\/roma-itinerari-per-festa-repubblica\/","name":"Roma eventi e itinerari per la festa della Ropubblica","isPartOf":{"@id":"https:\/\/www.gratis.it\/news\/#website"},"primaryImageOfPage":{"@id":"https:\/\/www.gratis.it\/news\/roma-itinerari-per-festa-repubblica\/#primaryimage"},"image":{"@id":"https:\/\/www.gratis.it\/news\/roma-itinerari-per-festa-repubblica\/#primaryimage"},"thumbnailUrl":"https:\/\/www.gratis.it\/news\/wp-content\/uploads\/roma-festa-repubblica.jpg","datePublished":"2026-04-28T06:08:00+00:00","description":"Roma, in primavera inoltrata, si presenta sotto una luce smagliante, pronta a celebrare una delle ricorrenze pi\u00f9 significative.","breadcrumb":{"@id":"https:\/\/www.gratis.it\/news\/roma-itinerari-per-festa-repubblica\/#breadcrumb"},"inLanguage":"it-IT","potentialAction":[{"@type":"ReadAction","target":["https:\/\/www.gratis.it\/news\/roma-itinerari-per-festa-repubblica\/"]}]},{"@type":"ImageObject","inLanguage":"it-IT","@id":"https:\/\/www.gratis.it\/news\/roma-itinerari-per-festa-repubblica\/#primaryimage","url":"https:\/\/www.gratis.it\/news\/wp-content\/uploads\/roma-festa-repubblica.jpg","contentUrl":"https:\/\/www.gratis.it\/news\/wp-content\/uploads\/roma-festa-repubblica.jpg","width":800,"height":511},{"@type":"BreadcrumbList","@id":"https:\/\/www.gratis.it\/news\/roma-itinerari-per-festa-repubblica\/#breadcrumb","itemListElement":[{"@type":"ListItem","position":1,"name":"Home","item":"https:\/\/www.gratis.it\/news\/"},{"@type":"ListItem","position":2,"name":"Roma e il ponte del 2 giugno: eventi e itinerari per la Festa della Repubblica"}]},{"@type":"WebSite","@id":"https:\/\/www.gratis.it\/news\/#website","url":"https:\/\/www.gratis.it\/news\/","name":"Gratis.it","description":"Gratis.it Magazine: solo notizie interessanti","publisher":{"@id":"https:\/\/www.gratis.it\/news\/#organization"},"potentialAction":[{"@type":"SearchAction","target":{"@type":"EntryPoint","urlTemplate":"https:\/\/www.gratis.it\/news\/?s={search_term_string}"},"query-input":{"@type":"PropertyValueSpecification","valueRequired":true,"valueName":"search_term_string"}}],"inLanguage":"it-IT"},{"@type":"Organization","@id":"https:\/\/www.gratis.it\/news\/#organization","name":"Gratis.it","url":"https:\/\/www.gratis.it\/news\/","logo":{"@type":"ImageObject","inLanguage":"it-IT","@id":"https:\/\/www.gratis.it\/news\/#\/schema\/logo\/image\/","url":"https:\/\/www.gratis.it\/news\/wp-content\/uploads\/2025\/05\/logo_gratis_72dpi.jpg","contentUrl":"https:\/\/www.gratis.it\/news\/wp-content\/uploads\/2025\/05\/logo_gratis_72dpi.jpg","width":198,"height":71,"caption":"Gratis.it"},"image":{"@id":"https:\/\/www.gratis.it\/news\/#\/schema\/logo\/image\/"},"sameAs":["https:\/\/www.facebook.com\/gratis.it","https:\/\/x.com\/gratisit"]},{"@type":"Person","@id":"https:\/\/www.gratis.it\/news\/#\/schema\/person\/1f9a8499983342af95672dd250153b4c","name":"Daniele Grattieri","image":{"@type":"ImageObject","inLanguage":"it-IT","@id":"https:\/\/secure.gravatar.com\/avatar\/286b73e7a4e34cf710114f1850b1c195e583ea0088528f910c485c6e6cb0aef9?s=96&d=mm&r=g","url":"https:\/\/secure.gravatar.com\/avatar\/286b73e7a4e34cf710114f1850b1c195e583ea0088528f910c485c6e6cb0aef9?s=96&d=mm&r=g","contentUrl":"https:\/\/secure.gravatar.com\/avatar\/286b73e7a4e34cf710114f1850b1c195e583ea0088528f910c485c6e6cb0aef9?s=96&d=mm&r=g","caption":"Daniele Grattieri"},"sameAs":["https:\/\/www.teknosurf.it"],"url":"https:\/\/www.gratis.it\/news\/author\/daniele\/"}]}},"_links":{"self":[{"href":"https:\/\/www.gratis.it\/news\/wp-json\/wp\/v2\/posts\/25684","targetHints":{"allow":["GET"]}}],"collection":[{"href":"https:\/\/www.gratis.it\/news\/wp-json\/wp\/v2\/posts"}],"about":[{"href":"https:\/\/www.gratis.it\/news\/wp-json\/wp\/v2\/types\/post"}],"author":[{"embeddable":true,"href":"https:\/\/www.gratis.it\/news\/wp-json\/wp\/v2\/users\/3"}],"replies":[{"embeddable":true,"href":"https:\/\/www.gratis.it\/news\/wp-json\/wp\/v2\/comments?post=25684"}],"version-history":[{"count":1,"href":"https:\/\/www.gratis.it\/news\/wp-json\/wp\/v2\/posts\/25684\/revisions"}],"predecessor-version":[{"id":25686,"href":"https:\/\/www.gratis.it\/news\/wp-json\/wp\/v2\/posts\/25684\/revisions\/25686"}],"wp:featuredmedia":[{"embeddable":true,"href":"https:\/\/www.gratis.it\/news\/wp-json\/wp\/v2\/media\/25685"}],"wp:attachment":[{"href":"https:\/\/www.gratis.it\/news\/wp-json\/wp\/v2\/media?parent=25684"}],"wp:term":[{"taxonomy":"category","embeddable":true,"href":"https:\/\/www.gratis.it\/news\/wp-json\/wp\/v2\/categories?post=25684"},{"taxonomy":"post_tag","embeddable":true,"href":"https:\/\/www.gratis.it\/news\/wp-json\/wp\/v2\/tags?post=25684"}],"curies":[{"name":"wp","href":"https:\/\/api.w.org\/{rel}","templated":true}]}}