{"id":14715,"date":"2025-06-03T17:32:26","date_gmt":"2025-06-03T15:32:26","guid":{"rendered":"https:\/\/www.solostyle.it\/?p=14715"},"modified":"2025-06-18T19:44:42","modified_gmt":"2025-06-18T17:44:42","slug":"abiti-accessori-color-fragola-estate-come-abbinarli","status":"publish","type":"post","link":"https:\/\/www.gratis.it\/news\/abiti-accessori-color-fragola-estate-come-abbinarli\/","title":{"rendered":"Abiti e accessori color fragola per l&#8217;estate: come abbinarli?"},"content":{"rendered":"<div class=\"wp-block-image\">\n<figure class=\"alignleft\"><img loading=\"lazy\" decoding=\"async\" width=\"450\" height=\"383\" src=\"https:\/\/www.gratis.it\/news\/wp-content\/uploads\/Color-fragola.gif\" alt=\"Color fragola\" class=\"wp-image-14716\"\/><\/figure>\n<\/div>\n\n\n<p>Non so cosa ne pensate voi, ma a me piace davvero tanto questo <strong>color fragola<\/strong> che va tanto di moda in estate.<\/p>\n\n\n\n<p>Non \u00e8 rosso, non \u00e8 neppure rosa, \u00e8 una meraviglia anche per le bionde e le pallide, perch\u00e9 non si tratta di un rosso convenzionale. Solo che la scelta apparentemente sta tra comprare tutto di quel colore fragoloso (incluse scarpe e borsetta) oppure nel trovare degli abbinamenti accettabili. E invece no: scopriamo con che cosa pu\u00f2 essere valorizzato questo colore cos\u00ec di moda e interessante.<\/p>\n\n\n\n<p>Sempre bene ovviamente l&#8217;abbinamento del rosa con il nero, ma anche con il denim classico, oppure con le fantasie di qualsiasi genere, geometriche oppure a fiorellini, ma meglio se hanno un fondo scuro. Una t-shirt o un top, ad esempio soni splendidi se abbinati con una gonna lunga fino al ginocchio con motivi a fiorellini oppure bianca. Ai piedi ballerine nere o sandali alti, sempre neri.<\/p>\n\n\n\n<p>Sono adatti anche abbinamenti del color fragola con il <a href=\"https:\/\/www.gratis.it\/news\/con-quali-colori-abbinare-il-beige\/\">beige<\/a>, il panna o il grigio. Per un tocco davvero chic, riprendete il colore dell&#8217;abbigliamento rosa fragola con uno smalto color fragola esattamente identico a quello del capo prescelto. Una spesa minima, ma un effetto molto glamour.<\/p>\n\n\n\n<p>Se invece si tratta di un rosa fragola &#8220;ghiacciato&#8221;, un po&#8217; il colore dei frapp\u00e8, tanto per intenderci, potrebbe essere abbinato con l\u2019azzurro oppure con tutta una gamma di rosa pi\u00f9 o meno scuri, incluso un tocco di rosso rubino.<\/p>\n<div style=\"margin-top: 0px; margin-bottom: 0px;\" class=\"sharethis-inline-share-buttons\" ><\/div>","protected":false},"excerpt":{"rendered":"<p>Non so cosa ne pensate voi, ma a me piace davvero tanto questo color fragola che va tanto di moda in estate. Non \u00e8 rosso, non \u00e8 neppure rosa, \u00e8 una meraviglia anche per le bionde e le pallide, perch\u00e9 non si&hellip;<\/p>\n","protected":false},"author":3,"featured_media":14716,"comment_status":"open","ping_status":"closed","sticky":false,"template":"","format":"standard","meta":{"rop_custom_images_group":[],"rop_custom_messages_group":[],"rop_publish_now":"initial","rop_publish_now_accounts":{"twitter_130435642_130435642":""},"rop_publish_now_history":[],"rop_publish_now_status":"pending","footnotes":""},"categories":[19],"tags":[],"class_list":["post-14715","post","type-post","status-publish","format-standard","has-post-thumbnail","hentry","category-moda"],"yoast_head":"<!-- This site is optimized with the Yoast SEO plugin v27.4 - https:\/\/yoast.com\/product\/yoast-seo-wordpress\/ -->\n<title>Abiti e accessori color fragola per l&#039;estate: come abbinarli?<\/title>\n<meta name=\"description\" content=\"Abiti e accessori color fragola per l&#039;estate: come abbinarli? Non \u00e8 rosso, non \u00e8 neppure rosa, \u00e8 una meraviglia anche per le bionde e le pallide, perch\u00e9 non si tratta di un rosso convenzionale.\" \/>\n<meta name=\"robots\" content=\"index, follow, max-snippet:-1, max-image-preview:large, max-video-preview:-1\" \/>\n<link rel=\"canonical\" href=\"https:\/\/www.gratis.it\/news\/abiti-accessori-color-fragola-estate-come-abbinarli\/\" \/>\n<meta property=\"og:locale\" content=\"it_IT\" \/>\n<meta property=\"og:type\" content=\"article\" \/>\n<meta property=\"og:title\" content=\"Abiti e accessori color fragola per l&#039;estate: come abbinarli?\" \/>\n<meta property=\"og:description\" content=\"Abiti e accessori color fragola per l&#039;estate: come abbinarli? Non \u00e8 rosso, non \u00e8 neppure rosa, \u00e8 una meraviglia anche per le bionde e le pallide, perch\u00e9 non si tratta di un rosso convenzionale.\" \/>\n<meta property=\"og:url\" content=\"https:\/\/www.gratis.it\/news\/abiti-accessori-color-fragola-estate-come-abbinarli\/\" \/>\n<meta property=\"og:site_name\" content=\"Gratis.it\" \/>\n<meta property=\"article:publisher\" content=\"https:\/\/www.facebook.com\/gratis.it\" \/>\n<meta property=\"article:published_time\" content=\"2025-06-03T15:32:26+00:00\" \/>\n<meta property=\"article:modified_time\" content=\"2025-06-18T17:44:42+00:00\" \/>\n<meta property=\"og:image\" content=\"https:\/\/www.gratis.it\/news\/wp-content\/uploads\/Color-fragola.gif\" \/>\n\t<meta property=\"og:image:width\" content=\"450\" \/>\n\t<meta property=\"og:image:height\" content=\"383\" \/>\n\t<meta property=\"og:image:type\" content=\"image\/gif\" \/>\n<meta name=\"author\" content=\"Daniele Grattieri\" \/>\n<meta name=\"twitter:card\" content=\"summary_large_image\" \/>\n<meta name=\"twitter:creator\" content=\"@gratisit\" \/>\n<meta name=\"twitter:site\" content=\"@gratisit\" \/>\n<meta name=\"twitter:label1\" content=\"Scritto da\" \/>\n\t<meta name=\"twitter:data1\" content=\"Daniele Grattieri\" \/>\n\t<meta name=\"twitter:label2\" content=\"Tempo di lettura stimato\" \/>\n\t<meta name=\"twitter:data2\" content=\"2 minuti\" \/>\n<script type=\"application\/ld+json\" class=\"yoast-schema-graph\">{\"@context\":\"https:\\\/\\\/schema.org\",\"@graph\":[{\"@type\":\"Article\",\"@id\":\"https:\\\/\\\/www.gratis.it\\\/news\\\/abiti-accessori-color-fragola-estate-come-abbinarli\\\/#article\",\"isPartOf\":{\"@id\":\"https:\\\/\\\/www.gratis.it\\\/news\\\/abiti-accessori-color-fragola-estate-come-abbinarli\\\/\"},\"author\":{\"name\":\"Daniele Grattieri\",\"@id\":\"https:\\\/\\\/www.gratis.it\\\/news\\\/#\\\/schema\\\/person\\\/1f9a8499983342af95672dd250153b4c\"},\"headline\":\"Abiti e accessori color fragola per l&#8217;estate: come abbinarli?\",\"datePublished\":\"2025-06-03T15:32:26+00:00\",\"dateModified\":\"2025-06-18T17:44:42+00:00\",\"mainEntityOfPage\":{\"@id\":\"https:\\\/\\\/www.gratis.it\\\/news\\\/abiti-accessori-color-fragola-estate-come-abbinarli\\\/\"},\"wordCount\":246,\"commentCount\":0,\"publisher\":{\"@id\":\"https:\\\/\\\/www.gratis.it\\\/news\\\/#organization\"},\"image\":{\"@id\":\"https:\\\/\\\/www.gratis.it\\\/news\\\/abiti-accessori-color-fragola-estate-come-abbinarli\\\/#primaryimage\"},\"thumbnailUrl\":\"https:\\\/\\\/www.gratis.it\\\/news\\\/wp-content\\\/uploads\\\/Color-fragola.gif\",\"articleSection\":[\"Moda\"],\"inLanguage\":\"it-IT\",\"potentialAction\":[{\"@type\":\"CommentAction\",\"name\":\"Comment\",\"target\":[\"https:\\\/\\\/www.gratis.it\\\/news\\\/abiti-accessori-color-fragola-estate-come-abbinarli\\\/#respond\"]}]},{\"@type\":\"WebPage\",\"@id\":\"https:\\\/\\\/www.gratis.it\\\/news\\\/abiti-accessori-color-fragola-estate-come-abbinarli\\\/\",\"url\":\"https:\\\/\\\/www.gratis.it\\\/news\\\/abiti-accessori-color-fragola-estate-come-abbinarli\\\/\",\"name\":\"Abiti e accessori color fragola per l'estate: come abbinarli?\",\"isPartOf\":{\"@id\":\"https:\\\/\\\/www.gratis.it\\\/news\\\/#website\"},\"primaryImageOfPage\":{\"@id\":\"https:\\\/\\\/www.gratis.it\\\/news\\\/abiti-accessori-color-fragola-estate-come-abbinarli\\\/#primaryimage\"},\"image\":{\"@id\":\"https:\\\/\\\/www.gratis.it\\\/news\\\/abiti-accessori-color-fragola-estate-come-abbinarli\\\/#primaryimage\"},\"thumbnailUrl\":\"https:\\\/\\\/www.gratis.it\\\/news\\\/wp-content\\\/uploads\\\/Color-fragola.gif\",\"datePublished\":\"2025-06-03T15:32:26+00:00\",\"dateModified\":\"2025-06-18T17:44:42+00:00\",\"description\":\"Abiti e accessori color fragola per l'estate: come abbinarli? Non \u00e8 rosso, non \u00e8 neppure rosa, \u00e8 una meraviglia anche per le bionde e le pallide, perch\u00e9 non si tratta di un rosso convenzionale.\",\"breadcrumb\":{\"@id\":\"https:\\\/\\\/www.gratis.it\\\/news\\\/abiti-accessori-color-fragola-estate-come-abbinarli\\\/#breadcrumb\"},\"inLanguage\":\"it-IT\",\"potentialAction\":[{\"@type\":\"ReadAction\",\"target\":[\"https:\\\/\\\/www.gratis.it\\\/news\\\/abiti-accessori-color-fragola-estate-come-abbinarli\\\/\"]}]},{\"@type\":\"ImageObject\",\"inLanguage\":\"it-IT\",\"@id\":\"https:\\\/\\\/www.gratis.it\\\/news\\\/abiti-accessori-color-fragola-estate-come-abbinarli\\\/#primaryimage\",\"url\":\"https:\\\/\\\/www.gratis.it\\\/news\\\/wp-content\\\/uploads\\\/Color-fragola.gif\",\"contentUrl\":\"https:\\\/\\\/www.gratis.it\\\/news\\\/wp-content\\\/uploads\\\/Color-fragola.gif\",\"width\":450,\"height\":383,\"caption\":\"Color fragola\"},{\"@type\":\"BreadcrumbList\",\"@id\":\"https:\\\/\\\/www.gratis.it\\\/news\\\/abiti-accessori-color-fragola-estate-come-abbinarli\\\/#breadcrumb\",\"itemListElement\":[{\"@type\":\"ListItem\",\"position\":1,\"name\":\"Home\",\"item\":\"https:\\\/\\\/www.gratis.it\\\/news\\\/\"},{\"@type\":\"ListItem\",\"position\":2,\"name\":\"Abiti e accessori color fragola per l&#8217;estate: come abbinarli?\"}]},{\"@type\":\"WebSite\",\"@id\":\"https:\\\/\\\/www.gratis.it\\\/news\\\/#website\",\"url\":\"https:\\\/\\\/www.gratis.it\\\/news\\\/\",\"name\":\"Gratis.it\",\"description\":\"Gratis.it Magazine: solo notizie interessanti\",\"publisher\":{\"@id\":\"https:\\\/\\\/www.gratis.it\\\/news\\\/#organization\"},\"potentialAction\":[{\"@type\":\"SearchAction\",\"target\":{\"@type\":\"EntryPoint\",\"urlTemplate\":\"https:\\\/\\\/www.gratis.it\\\/news\\\/?s={search_term_string}\"},\"query-input\":{\"@type\":\"PropertyValueSpecification\",\"valueRequired\":true,\"valueName\":\"search_term_string\"}}],\"inLanguage\":\"it-IT\"},{\"@type\":\"Organization\",\"@id\":\"https:\\\/\\\/www.gratis.it\\\/news\\\/#organization\",\"name\":\"Gratis.it\",\"url\":\"https:\\\/\\\/www.gratis.it\\\/news\\\/\",\"logo\":{\"@type\":\"ImageObject\",\"inLanguage\":\"it-IT\",\"@id\":\"https:\\\/\\\/www.gratis.it\\\/news\\\/#\\\/schema\\\/logo\\\/image\\\/\",\"url\":\"https:\\\/\\\/www.gratis.it\\\/news\\\/wp-content\\\/uploads\\\/2025\\\/05\\\/logo_gratis_72dpi.jpg\",\"contentUrl\":\"https:\\\/\\\/www.gratis.it\\\/news\\\/wp-content\\\/uploads\\\/2025\\\/05\\\/logo_gratis_72dpi.jpg\",\"width\":198,\"height\":71,\"caption\":\"Gratis.it\"},\"image\":{\"@id\":\"https:\\\/\\\/www.gratis.it\\\/news\\\/#\\\/schema\\\/logo\\\/image\\\/\"},\"sameAs\":[\"https:\\\/\\\/www.facebook.com\\\/gratis.it\",\"https:\\\/\\\/x.com\\\/gratisit\"]},{\"@type\":\"Person\",\"@id\":\"https:\\\/\\\/www.gratis.it\\\/news\\\/#\\\/schema\\\/person\\\/1f9a8499983342af95672dd250153b4c\",\"name\":\"Daniele Grattieri\",\"image\":{\"@type\":\"ImageObject\",\"inLanguage\":\"it-IT\",\"@id\":\"https:\\\/\\\/secure.gravatar.com\\\/avatar\\\/286b73e7a4e34cf710114f1850b1c195e583ea0088528f910c485c6e6cb0aef9?s=96&d=mm&r=g\",\"url\":\"https:\\\/\\\/secure.gravatar.com\\\/avatar\\\/286b73e7a4e34cf710114f1850b1c195e583ea0088528f910c485c6e6cb0aef9?s=96&d=mm&r=g\",\"contentUrl\":\"https:\\\/\\\/secure.gravatar.com\\\/avatar\\\/286b73e7a4e34cf710114f1850b1c195e583ea0088528f910c485c6e6cb0aef9?s=96&d=mm&r=g\",\"caption\":\"Daniele Grattieri\"},\"sameAs\":[\"https:\\\/\\\/www.teknosurf.it\"],\"url\":\"https:\\\/\\\/www.gratis.it\\\/news\\\/author\\\/daniele\\\/\"}]}<\/script>\n<!-- \/ Yoast SEO plugin. -->","yoast_head_json":{"title":"Abiti e accessori color fragola per l'estate: come abbinarli?","description":"Abiti e accessori color fragola per l'estate: come abbinarli? Non \u00e8 rosso, non \u00e8 neppure rosa, \u00e8 una meraviglia anche per le bionde e le pallide, perch\u00e9 non si tratta di un rosso convenzionale.","robots":{"index":"index","follow":"follow","max-snippet":"max-snippet:-1","max-image-preview":"max-image-preview:large","max-video-preview":"max-video-preview:-1"},"canonical":"https:\/\/www.gratis.it\/news\/abiti-accessori-color-fragola-estate-come-abbinarli\/","og_locale":"it_IT","og_type":"article","og_title":"Abiti e accessori color fragola per l'estate: come abbinarli?","og_description":"Abiti e accessori color fragola per l'estate: come abbinarli? Non \u00e8 rosso, non \u00e8 neppure rosa, \u00e8 una meraviglia anche per le bionde e le pallide, perch\u00e9 non si tratta di un rosso convenzionale.","og_url":"https:\/\/www.gratis.it\/news\/abiti-accessori-color-fragola-estate-come-abbinarli\/","og_site_name":"Gratis.it","article_publisher":"https:\/\/www.facebook.com\/gratis.it","article_published_time":"2025-06-03T15:32:26+00:00","article_modified_time":"2025-06-18T17:44:42+00:00","og_image":[{"width":450,"height":383,"url":"https:\/\/www.gratis.it\/news\/wp-content\/uploads\/Color-fragola.gif","type":"image\/gif"}],"author":"Daniele Grattieri","twitter_card":"summary_large_image","twitter_creator":"@gratisit","twitter_site":"@gratisit","twitter_misc":{"Scritto da":"Daniele Grattieri","Tempo di lettura stimato":"2 minuti"},"schema":{"@context":"https:\/\/schema.org","@graph":[{"@type":"Article","@id":"https:\/\/www.gratis.it\/news\/abiti-accessori-color-fragola-estate-come-abbinarli\/#article","isPartOf":{"@id":"https:\/\/www.gratis.it\/news\/abiti-accessori-color-fragola-estate-come-abbinarli\/"},"author":{"name":"Daniele Grattieri","@id":"https:\/\/www.gratis.it\/news\/#\/schema\/person\/1f9a8499983342af95672dd250153b4c"},"headline":"Abiti e accessori color fragola per l&#8217;estate: come abbinarli?","datePublished":"2025-06-03T15:32:26+00:00","dateModified":"2025-06-18T17:44:42+00:00","mainEntityOfPage":{"@id":"https:\/\/www.gratis.it\/news\/abiti-accessori-color-fragola-estate-come-abbinarli\/"},"wordCount":246,"commentCount":0,"publisher":{"@id":"https:\/\/www.gratis.it\/news\/#organization"},"image":{"@id":"https:\/\/www.gratis.it\/news\/abiti-accessori-color-fragola-estate-come-abbinarli\/#primaryimage"},"thumbnailUrl":"https:\/\/www.gratis.it\/news\/wp-content\/uploads\/Color-fragola.gif","articleSection":["Moda"],"inLanguage":"it-IT","potentialAction":[{"@type":"CommentAction","name":"Comment","target":["https:\/\/www.gratis.it\/news\/abiti-accessori-color-fragola-estate-come-abbinarli\/#respond"]}]},{"@type":"WebPage","@id":"https:\/\/www.gratis.it\/news\/abiti-accessori-color-fragola-estate-come-abbinarli\/","url":"https:\/\/www.gratis.it\/news\/abiti-accessori-color-fragola-estate-come-abbinarli\/","name":"Abiti e accessori color fragola per l'estate: come abbinarli?","isPartOf":{"@id":"https:\/\/www.gratis.it\/news\/#website"},"primaryImageOfPage":{"@id":"https:\/\/www.gratis.it\/news\/abiti-accessori-color-fragola-estate-come-abbinarli\/#primaryimage"},"image":{"@id":"https:\/\/www.gratis.it\/news\/abiti-accessori-color-fragola-estate-come-abbinarli\/#primaryimage"},"thumbnailUrl":"https:\/\/www.gratis.it\/news\/wp-content\/uploads\/Color-fragola.gif","datePublished":"2025-06-03T15:32:26+00:00","dateModified":"2025-06-18T17:44:42+00:00","description":"Abiti e accessori color fragola per l'estate: come abbinarli? Non \u00e8 rosso, non \u00e8 neppure rosa, \u00e8 una meraviglia anche per le bionde e le pallide, perch\u00e9 non si tratta di un rosso convenzionale.","breadcrumb":{"@id":"https:\/\/www.gratis.it\/news\/abiti-accessori-color-fragola-estate-come-abbinarli\/#breadcrumb"},"inLanguage":"it-IT","potentialAction":[{"@type":"ReadAction","target":["https:\/\/www.gratis.it\/news\/abiti-accessori-color-fragola-estate-come-abbinarli\/"]}]},{"@type":"ImageObject","inLanguage":"it-IT","@id":"https:\/\/www.gratis.it\/news\/abiti-accessori-color-fragola-estate-come-abbinarli\/#primaryimage","url":"https:\/\/www.gratis.it\/news\/wp-content\/uploads\/Color-fragola.gif","contentUrl":"https:\/\/www.gratis.it\/news\/wp-content\/uploads\/Color-fragola.gif","width":450,"height":383,"caption":"Color fragola"},{"@type":"BreadcrumbList","@id":"https:\/\/www.gratis.it\/news\/abiti-accessori-color-fragola-estate-come-abbinarli\/#breadcrumb","itemListElement":[{"@type":"ListItem","position":1,"name":"Home","item":"https:\/\/www.gratis.it\/news\/"},{"@type":"ListItem","position":2,"name":"Abiti e accessori color fragola per l&#8217;estate: come abbinarli?"}]},{"@type":"WebSite","@id":"https:\/\/www.gratis.it\/news\/#website","url":"https:\/\/www.gratis.it\/news\/","name":"Gratis.it","description":"Gratis.it Magazine: solo notizie interessanti","publisher":{"@id":"https:\/\/www.gratis.it\/news\/#organization"},"potentialAction":[{"@type":"SearchAction","target":{"@type":"EntryPoint","urlTemplate":"https:\/\/www.gratis.it\/news\/?s={search_term_string}"},"query-input":{"@type":"PropertyValueSpecification","valueRequired":true,"valueName":"search_term_string"}}],"inLanguage":"it-IT"},{"@type":"Organization","@id":"https:\/\/www.gratis.it\/news\/#organization","name":"Gratis.it","url":"https:\/\/www.gratis.it\/news\/","logo":{"@type":"ImageObject","inLanguage":"it-IT","@id":"https:\/\/www.gratis.it\/news\/#\/schema\/logo\/image\/","url":"https:\/\/www.gratis.it\/news\/wp-content\/uploads\/2025\/05\/logo_gratis_72dpi.jpg","contentUrl":"https:\/\/www.gratis.it\/news\/wp-content\/uploads\/2025\/05\/logo_gratis_72dpi.jpg","width":198,"height":71,"caption":"Gratis.it"},"image":{"@id":"https:\/\/www.gratis.it\/news\/#\/schema\/logo\/image\/"},"sameAs":["https:\/\/www.facebook.com\/gratis.it","https:\/\/x.com\/gratisit"]},{"@type":"Person","@id":"https:\/\/www.gratis.it\/news\/#\/schema\/person\/1f9a8499983342af95672dd250153b4c","name":"Daniele Grattieri","image":{"@type":"ImageObject","inLanguage":"it-IT","@id":"https:\/\/secure.gravatar.com\/avatar\/286b73e7a4e34cf710114f1850b1c195e583ea0088528f910c485c6e6cb0aef9?s=96&d=mm&r=g","url":"https:\/\/secure.gravatar.com\/avatar\/286b73e7a4e34cf710114f1850b1c195e583ea0088528f910c485c6e6cb0aef9?s=96&d=mm&r=g","contentUrl":"https:\/\/secure.gravatar.com\/avatar\/286b73e7a4e34cf710114f1850b1c195e583ea0088528f910c485c6e6cb0aef9?s=96&d=mm&r=g","caption":"Daniele Grattieri"},"sameAs":["https:\/\/www.teknosurf.it"],"url":"https:\/\/www.gratis.it\/news\/author\/daniele\/"}]}},"_links":{"self":[{"href":"https:\/\/www.gratis.it\/news\/wp-json\/wp\/v2\/posts\/14715","targetHints":{"allow":["GET"]}}],"collection":[{"href":"https:\/\/www.gratis.it\/news\/wp-json\/wp\/v2\/posts"}],"about":[{"href":"https:\/\/www.gratis.it\/news\/wp-json\/wp\/v2\/types\/post"}],"author":[{"embeddable":true,"href":"https:\/\/www.gratis.it\/news\/wp-json\/wp\/v2\/users\/3"}],"replies":[{"embeddable":true,"href":"https:\/\/www.gratis.it\/news\/wp-json\/wp\/v2\/comments?post=14715"}],"version-history":[{"count":2,"href":"https:\/\/www.gratis.it\/news\/wp-json\/wp\/v2\/posts\/14715\/revisions"}],"predecessor-version":[{"id":25180,"href":"https:\/\/www.gratis.it\/news\/wp-json\/wp\/v2\/posts\/14715\/revisions\/25180"}],"wp:featuredmedia":[{"embeddable":true,"href":"https:\/\/www.gratis.it\/news\/wp-json\/wp\/v2\/media\/14716"}],"wp:attachment":[{"href":"https:\/\/www.gratis.it\/news\/wp-json\/wp\/v2\/media?parent=14715"}],"wp:term":[{"taxonomy":"category","embeddable":true,"href":"https:\/\/www.gratis.it\/news\/wp-json\/wp\/v2\/categories?post=14715"},{"taxonomy":"post_tag","embeddable":true,"href":"https:\/\/www.gratis.it\/news\/wp-json\/wp\/v2\/tags?post=14715"}],"curies":[{"name":"wp","href":"https:\/\/api.w.org\/{rel}","templated":true}]}}